{"id":3598,"date":"2025-01-18T19:00:09","date_gmt":"2025-01-18T18:00:09","guid":{"rendered":"https:\/\/jedlicze.przemyska.pl\/?p=3598"},"modified":"2025-01-18T20:01:04","modified_gmt":"2025-01-18T19:01:04","slug":"ogloszenia-duszpasterskie-ii-niedziela-zwykla-19-stycznia","status":"publish","type":"post","link":"https:\/\/jedlicze.przemyska.pl\/index.php\/2025\/01\/18\/ogloszenia-duszpasterskie-ii-niedziela-zwykla-19-stycznia\/","title":{"rendered":"Og\u0142oszenia duszpasterskie &#8211; II Niedziela zwyk\u0142a, 19 stycznia"},"content":{"rendered":"<p style=\"text-align: center;\"><b>II Niedziela zwyk\u0142a, 19 stycznia 2025 r.<\/b><\/p>\n<p style=\"text-align: center;\"><b>Og\u0142oszenia duszpasterskie<\/b><\/p>\n<ol>\n<li style=\"text-align: justify;\">Dzi\u015b sk\u0142adka na Fundusz Inwestycyjny Parafii. Po Mszy \u015bw. o godz. <b>12:30<\/b> spotkanie formacyjne dla rodzic\u00f3w i dzieci przygotowuj\u0105cych si\u0119 do I Komunii \u015bw. <span class=\"Apple-converted-space\">&nbsp;<\/span><\/li>\n<li style=\"text-align: justify;\">Dzisiaj wypada wspomnienie \u015bw. J\u00f3zefa Sebastiana Pelczara. Modlimy si\u0119 w intencji naszej archidiecezji.<span class=\"Apple-converted-space\">&nbsp;<\/span><\/li>\n<li style=\"text-align: justify;\">Zako\u0144czy\u0142a si\u0119 wizyta duszpasterska. Dzi\u0119kujemy za mo\u017cliwo\u015b\u0107 wsp\u00f3lnej modlitwy w domach, r\u00f3\u017cne sugestie i ofiary kol\u0119dowe. Godziny urz\u0119dowania kancelarii wracaj\u0105 do porz\u0105dku zwyk\u0142ego.<span class=\"Apple-converted-space\"> Pod ch\u00f3rem s\u0105 ksi\u0105\u017ceczki&nbsp;<\/span>kol\u0119dowe po\u015bwi\u0119cone Jubileuszowi i odpustom z za\u0142\u0105czonym listem o Misjach \u015awi\u0119tych. Prosimy o zabranie broszurek przez parafian, u kt\u00f3rych w tym roku nie by\u0142o wizyty kol\u0119dowej.&nbsp;<\/li>\n<li style=\"text-align: justify;\">W sobot\u0119 wypada \u015bwi\u0119to Nawr\u00f3cenia \u015bw. Paw\u0142a, ko\u0144cz\u0105ce Tydzie\u0144 Modlitwy o jedno\u015b\u0107 chrze\u015bcijan. Ka\u017cdy, kto w tym tygodniu pomodli si\u0119 b\u0105d\u017a wykona jaki\u015b gest o jedno\u015b\u0107 mo\u017ce zyska\u0107 odpust zupe\u0142ny.<span class=\"Apple-converted-space\">&nbsp;<\/span><\/li>\n<li style=\"text-align: justify;\">We <b>wtorek<\/b> nowenna do \u015bw. Antoniego, w <b>\u015brod\u0119<\/b> do MB Nieustaj\u0105cej Pomocy, w <b>czwartek<\/b> od godz. 17:00 wystawienie Naj\u015bwi\u0119tszego Sakramentu, w <b>pi\u0105tek<\/b> Koronka do Bo\u017cego Mi\u0142osierdzia.<span class=\"Apple-converted-space\">&nbsp;<\/span><\/li>\n<li style=\"text-align: justify;\"><b>Spotkania formacyjne<\/b>: we wtorek o godz. 17:00 kandydaci na ministrant\u00f3w, w \u015brod\u0119 po Mszy \u015bw. LSO (starsi), w czwartek po Mszy wieczornej ministranci m\u0142odsi, w pi\u0105tek KSM, w sobot\u0119 schola.<\/li>\n<li style=\"text-align: justify;\">Za tydzie\u0144 Niedziela S\u0142owa Bo\u017cego.<span class=\"Apple-converted-space\">&nbsp;<\/span><\/li>\n<li style=\"text-align: justify;\">Mo\u017cna zapisywa\u0107 si\u0119 SMAP w Le\u017cajsku, w dniach 25-27 kwietnia. Zapisy u ks. \u0141ukasza.<\/li>\n<li style=\"text-align: justify;\">W Roku Jubileuszowym zapraszamy do udzia\u0142u w parafialnej pielgrzymce do Portugalii, zw\u0142aszcza do Fatimy i Santiago de Compostela w dniach <b>6-14 maja<\/b>. Koszt 2.200 z\u0142 i 850 euro. Zapisy do 20 stycznia w zakrystii, a w najbli\u017cszy <b>czwartek<\/b>, <b>23 stycznia<\/b> po Mszy \u015bw. wieczornej w sali teatralnej spotkanie z organizatorem.&nbsp; Osoby zainteresowane wyjazdem, a jeszcze nie zapisane, zapraszamy na czwartkowe spotkanie i informujemy, \u017ce transport do Warszawy jest zorganizowany. Prosimy te\u017c o odbi\u00f3r kart zg\u0142oszeniowych z zakrystii.<span class=\"Apple-converted-space\">&nbsp;<\/span><\/li>\n<li style=\"text-align: justify;\">Jest nowy numer Niedzieli w cenie 12 z\u0142, a Go\u015b\u0107 Niedzielny 10 z\u0142. Dost\u0119pna jest r\u00f3wnie\u017c parafialna gazetka ANTONI. W <i>Niedzieli<\/i> rozmowa z prof. Andrzejem Nowakiem o wolno\u015bci i niepodleg\u0142o\u015bci, o potrzebie regularnej modlitwy, oraz o jedno\u015bci chrze\u015bcijan. W <i>Go\u015bciu Niedzielnym<\/i> o zdrowiu senior\u00f3w i \u015bwiadczeniach jakie im si\u0119 nale\u017c\u0105, o niezgodnym z prawem dzia\u0142aniu minister edukacji dot. nauczania religii w szkole, na temat Tygodnia Modlitw o Jedno\u015b\u0107 Chrze\u015bcijan.<span class=\"Apple-converted-space\">&nbsp;<\/span><\/li>\n<li style=\"text-align: justify;\">W ostatnim czasie do wieczno\u015bci odeszli \u015bp. Janina WDOWIK z ul. Trzecieskiego ur. w 1941 r. oraz \u015bp. W\u0142adys\u0142aw JAB\u0141ECKI z Chlebnej ur. w 1952 r. i \u015bp. Ryszard MO\u017bD\u017bE\u0143 z ul. Manierskiego ur. w 1938 r. (oba pogrzeby we wtorek). Polecajmy Zmar\u0142ych Bo\u017cemu Mi\u0142osierdziu <i>Wieczne odpoczywanie\u2026<\/i><\/li>\n<\/ol>\n","protected":false},"excerpt":{"rendered":"<p>II Niedziela zwyk\u0142a, 19 stycznia 2025 r. Og\u0142oszenia duszpasterskie Dzi\u015b sk\u0142adka na Fundusz Inwestycyjny Parafii. Po Mszy \u015bw. o godz. 12:30 spotkanie formacyjne dla rodzic\u00f3w i dzieci przygotowuj\u0105cych si\u0119 do I Komunii \u015bw. &nbsp; Dzisiaj wypada wspomnienie \u015bw. J\u00f3zefa Sebastiana Pelczara. Modlimy si\u0119 w intencji naszej archidiecezji.&nbsp; Zako\u0144czy\u0142a si\u0119 wizyta duszpasterska. Dzi\u0119kujemy za mo\u017cliwo\u015b\u0107 wsp\u00f3lnej [&hellip;]<\/p>\n","protected":false},"author":2,"featured_media":0,"comment_status":"closed","ping_status":"open","sticky":false,"template":"","format":"standard","meta":{"ngg_post_thumbnail":0},"categories":[16,18,17],"tags":[],"_links":{"self":[{"href":"https:\/\/jedlicze.przemyska.pl\/index.php\/wp-json\/wp\/v2\/posts\/3598"}],"collection":[{"href":"https:\/\/jedlicze.przemyska.pl\/index.php\/wp-json\/wp\/v2\/posts"}],"about":[{"href":"https:\/\/jedlicze.przemyska.pl\/index.php\/wp-json\/wp\/v2\/types\/post"}],"author":[{"embeddable":true,"href":"https:\/\/jedlicze.przemyska.pl\/index.php\/wp-json\/wp\/v2\/users\/2"}],"replies":[{"embeddable":true,"href":"https:\/\/jedlicze.przemyska.pl\/index.php\/wp-json\/wp\/v2\/comments?post=3598"}],"version-history":[{"count":3,"href":"https:\/\/jedlicze.przemyska.pl\/index.php\/wp-json\/wp\/v2\/posts\/3598\/revisions"}],"predecessor-version":[{"id":3601,"href":"https:\/\/jedlicze.przemyska.pl\/index.php\/wp-json\/wp\/v2\/posts\/3598\/revisions\/3601"}],"wp:attachment":[{"href":"https:\/\/jedlicze.przemyska.pl\/index.php\/wp-json\/wp\/v2\/media?parent=3598"}],"wp:term":[{"taxonomy":"category","embeddable":true,"href":"https:\/\/jedlicze.przemyska.pl\/index.php\/wp-json\/wp\/v2\/categories?post=3598"},{"taxonomy":"post_tag","embeddable":true,"href":"https:\/\/jedlicze.przemyska.pl\/index.php\/wp-json\/wp\/v2\/tags?post=3598"}],"curies":[{"name":"wp","href":"https:\/\/api.w.org\/{rel}","templated":true}]}}