{"id":3683,"date":"2025-03-29T19:00:22","date_gmt":"2025-03-29T18:00:22","guid":{"rendered":"https:\/\/jedlicze.przemyska.pl\/?p=3683"},"modified":"2025-03-30T19:02:33","modified_gmt":"2025-03-30T17:02:33","slug":"ogloszenia-duszpasterskie-iv-niedziela-wielkiego-postu-30-marca","status":"publish","type":"post","link":"https:\/\/jedlicze.przemyska.pl\/index.php\/2025\/03\/29\/ogloszenia-duszpasterskie-iv-niedziela-wielkiego-postu-30-marca\/","title":{"rendered":"Og\u0142oszenia duszpasterskie &#8211; IV Niedziela Wielkiego Postu, 30 marca"},"content":{"rendered":"<p style=\"text-align: center;\"><b>IV Niedziela Wielkiego Postu, 30 marca 2025 r.<\/b><\/p>\n<p style=\"text-align: center;\"><b>Og\u0142oszenia duszpasterskie<span class=\"Apple-converted-space\">&nbsp;<\/span><\/b><\/p>\n<ol>\n<li style=\"text-align: justify;\">Dzisiaj zapraszamy jeszcze na godz. <b>17:00 <\/b>na<b> Gorzkie \u017bale<\/b> z kazaniem pasyjnym i adoracj\u0105 krzy\u017ca. Dzi\u015b krzy\u017c adoruje m\u0142odzie\u017c \u017ce\u0144ska, a za tydzie\u0144 dzieci. Prosimy m\u0142odzie\u017c do udzia\u0142u w tym nabo\u017ce\u0144stwie i podtrzymanie tej pi\u0119knej tradycji lokalnej \u2013 adoracji krzy\u017ca. Za udzia\u0142 w Gorzkich \u017balach i Drodze Krzy\u017cowej mo\u017cna zyska\u0107 odpust zupe\u0142ny pod zwyk\u0142ymi warunkami. W czasie Gorzkich \u017bali zbierana jest taca na kwiaty do Bo\u017cego Grobu i dekoracj\u0119 \u015bwi\u0105teczn\u0105.<span class=\"Apple-converted-space\">&nbsp;<\/span><\/li>\n<li style=\"text-align: justify;\">We <b>wtorek<\/b> nowenna do \u015bw. Antoniego, w <b>\u015brod\u0119<\/b> do <b>MB Nieustaj\u0105cej Pomocy<\/b>, w <b>czwartek<\/b> wystawienia Naj\u015bwi\u0119tszego Sakramentu od godz. 17:00, modlitwy za powo\u0142anych i o nowe powo\u0142ania, w <b>pi\u0105tek<\/b> Droga Krzy\u017cowa o godz. <b>16:30<\/b> dla dzieci, o godz. <b>17:15<\/b> dla doros\u0142ych, o godz. <b>19:30<\/b> dla m\u0142odzie\u017cy.<span class=\"Apple-converted-space\">&nbsp;<\/span><\/li>\n<li style=\"text-align: justify;\"><b>Spotkania formacyjne<\/b>: we <b>wtorek<\/b> o godz. 18:45 w domu katechetycznym ostatnia katecheza dla doros\u0142ych; w <b>czwartek<\/b> uroczysta Msza \u015bw. Liturgicznej S\u0142u\u017cby O\u0142tarza. Zapraszamy tak\u017ce rodzic\u00f3w ministrant\u00f3w, a po Mszy \u015bw. Grupa Caritas. W <b>poniedzia\u0142ek<\/b> po Mszy \u015bw. wieczornej spotkanie Rady Duszpasterskiej. <span class=\"Apple-converted-space\">&nbsp;<\/span><\/li>\n<li style=\"text-align: justify;\">W <b>\u015brod\u0119<\/b>, 2 kwietnia od godz. 21:00 do 21:37 z okazji 20. rocznicy \u015bmierci \u015bw. Jana Paw\u0142a II b\u0119dzie adoracja w ko\u015bciele. Zapraszamy na modlitw\u0119.<\/li>\n<li style=\"text-align: justify;\">W <b>czwartek<\/b> na Msz\u0119 \u015bw. wieczorn\u0105 zapraszamy parafian, kt\u00f3rzy przyjmowali w swoich domach Obraz NSPJ. B\u0119dziemy modli\u0107 si\u0119 za nich i w zapisanych intencjach.<span class=\"Apple-converted-space\">&nbsp;<\/span><\/li>\n<li style=\"text-align: justify;\">W tym tygodniu wypada pierwszy pi\u0105tek miesi\u0105ca. Spowied\u017a w godz. 6:00 &#8211; 7:00 i 16:30 &#8211; 18:00. Od godz. 9:30 ks. \u0141ukasz odwiedzi chorych z pos\u0142ug\u0105 sakramentaln\u0105. Dla os\u00f3b odwiedzanych regularnie b\u0119dzie to ju\u017c spowied\u017a i Komunia \u015bwi\u0105teczna. Natomiast dla os\u00f3b odwiedzanych przy okazji \u015bwi\u0105t spowied\u017a b\u0119dzie 11 kwietnia. Mo\u017cna zapisywa\u0107 chorych w zakrystii. <span class=\"Apple-converted-space\">&nbsp;<\/span><\/li>\n<li style=\"text-align: justify;\">Mo\u017cna nabywa\u0107 paschaliki Caritas w cenie 15 z\u0142. Ka\u017cda z\u0142ot\u00f3wka powy\u017cej tej kwoty b\u0119dzie przekazana na dzie\u0142a realizowane przez parafialny oddzia\u0142 Caritas. <span class=\"Apple-converted-space\">&nbsp;<\/span><\/li>\n<li style=\"text-align: justify;\">W dniach 13-20 lipca zapraszamy na Pielgrzymk\u0119 do Wiednia i Padwy \u2013 po\u0142\u0105czona ze zwiedzaniem San Marino i wypoczynkiem nad Adriatykiem. Koszt to 950 z\u0142 i 390 euro. Zapisy i wszelkie informacje s\u0105 dost\u0119pne na plakacie w gablocie og\u0142osze\u0144 lub pod numerem tam widniej\u0105cym.<span class=\"Apple-converted-space\">&nbsp;<\/span><\/li>\n<li style=\"text-align: justify;\">Do nabycia prasa katolicka <i>Niedziela,<\/i> <i>Magazyn Niedzieli<\/i>, <i>Go\u015b\u0107 Niedzielny, Ma\u0142y Go\u015b\u0107 Niedzielny <\/i>oraz parafialna gazetka ANTONI.<span class=\"Apple-converted-space\">&nbsp; <\/span>W <i>Niedzieli<span class=\"Apple-converted-space\">&nbsp;<\/span><\/i> niezb\u0119dnik katolika na kwiecie\u0144, wybrane my\u015bli z nauczania \u015bw. Jana Paw\u0142a II, k\u0142\u00f3tliwo\u015b\u0107 jako wada Polak\u00f3w, albo o postawie Jezusa wobec szatana; W <i>Go\u015bciu Niedzielnym <\/i>jak odczytywa\u0107 przes\u0142anie \u015bw. Jana Paw\u0142a II, jak wyra\u017ca\u0107 emocje przed Bogiem, albo o wielkich nawr\u00f3ceniach XX wieku<i>. <\/i>W <i>Ma\u0142ym Go\u015bciu <\/i>o \u015bw. Janie Pawle II w 20 r. \u015bmierci, o funkcji ceremoniarza i o modlitwie dzieci za dzieci nienarodzone.<span class=\"Apple-converted-space\">&nbsp;<\/span><\/li>\n<li style=\"text-align: justify;\">W ostatnim czasie do wieczno\u015bci odeszli: \u015bp. Alicja WITKA z Chlebnej ur. w 1962 r. i \u015bp. Jacek KUT z ul. Betleja ur. w 1960<span class=\"Apple-converted-space\">&nbsp; <\/span>r. Polecajmy Zmar\u0142ych Bo\u017cemu Mi\u0142osierdziu <i>Wieczne odpoczywanie&#8230;<\/i><\/li>\n<\/ol>\n","protected":false},"excerpt":{"rendered":"<p>IV Niedziela Wielkiego Postu, 30 marca 2025 r. Og\u0142oszenia duszpasterskie&nbsp; Dzisiaj zapraszamy jeszcze na godz. 17:00 na Gorzkie \u017bale z kazaniem pasyjnym i adoracj\u0105 krzy\u017ca. Dzi\u015b krzy\u017c adoruje m\u0142odzie\u017c \u017ce\u0144ska, a za tydzie\u0144 dzieci. Prosimy m\u0142odzie\u017c do udzia\u0142u w tym nabo\u017ce\u0144stwie i podtrzymanie tej pi\u0119knej tradycji lokalnej \u2013 adoracji krzy\u017ca. Za udzia\u0142 w Gorzkich \u017balach [&hellip;]<\/p>\n","protected":false},"author":2,"featured_media":0,"comment_status":"closed","ping_status":"open","sticky":false,"template":"","format":"standard","meta":{"ngg_post_thumbnail":0},"categories":[16,18,17],"tags":[],"_links":{"self":[{"href":"https:\/\/jedlicze.przemyska.pl\/index.php\/wp-json\/wp\/v2\/posts\/3683"}],"collection":[{"href":"https:\/\/jedlicze.przemyska.pl\/index.php\/wp-json\/wp\/v2\/posts"}],"about":[{"href":"https:\/\/jedlicze.przemyska.pl\/index.php\/wp-json\/wp\/v2\/types\/post"}],"author":[{"embeddable":true,"href":"https:\/\/jedlicze.przemyska.pl\/index.php\/wp-json\/wp\/v2\/users\/2"}],"replies":[{"embeddable":true,"href":"https:\/\/jedlicze.przemyska.pl\/index.php\/wp-json\/wp\/v2\/comments?post=3683"}],"version-history":[{"count":1,"href":"https:\/\/jedlicze.przemyska.pl\/index.php\/wp-json\/wp\/v2\/posts\/3683\/revisions"}],"predecessor-version":[{"id":3684,"href":"https:\/\/jedlicze.przemyska.pl\/index.php\/wp-json\/wp\/v2\/posts\/3683\/revisions\/3684"}],"wp:attachment":[{"href":"https:\/\/jedlicze.przemyska.pl\/index.php\/wp-json\/wp\/v2\/media?parent=3683"}],"wp:term":[{"taxonomy":"category","embeddable":true,"href":"https:\/\/jedlicze.przemyska.pl\/index.php\/wp-json\/wp\/v2\/categories?post=3683"},{"taxonomy":"post_tag","embeddable":true,"href":"https:\/\/jedlicze.przemyska.pl\/index.php\/wp-json\/wp\/v2\/tags?post=3683"}],"curies":[{"name":"wp","href":"https:\/\/api.w.org\/{rel}","templated":true}]}}