{"id":3696,"date":"2025-04-18T16:00:03","date_gmt":"2025-04-18T14:00:03","guid":{"rendered":"https:\/\/jedlicze.przemyska.pl\/?p=3696"},"modified":"2025-04-18T15:59:18","modified_gmt":"2025-04-18T13:59:18","slug":"ogloszenia-duszpasterskie-wielki-piatek-18-kwietnia","status":"publish","type":"post","link":"https:\/\/jedlicze.przemyska.pl\/index.php\/2025\/04\/18\/ogloszenia-duszpasterskie-wielki-piatek-18-kwietnia\/","title":{"rendered":"Og\u0142oszenia duszpasterskie &#8211; Wielki Pi\u0105tek, 18 kwietnia"},"content":{"rendered":"<p style=\"text-align: center;\"><b>Wielki Pi\u0105tek, 18 kwietnia 2025 r.<\/b><\/p>\n<p style=\"text-align: center;\"><b>Og\u0142oszenia duszpasterskie<span class=\"Apple-converted-space\">&nbsp;<\/span><\/b><\/p>\n<ol>\n<li>Plan adoracji przy Bo\u017cym Grobie na dzisiaj do p\u00f3\u0142nocy i na Wielk\u0105 Sobot\u0119 jest zamieszczony poni\u017cej i w gablocie og\u0142osze\u0144 oraz w gazetce parafialnej ANTONI. Dzi\u015b adoracja do 24:00. Taca z adoracji krzy\u017ca przeznaczona jest na utrzymanie zabytk\u00f3w w Ziemii \u015awi\u0119tej.<span class=\"Apple-converted-space\">&nbsp;<\/span><\/li>\n<li>Dzi\u0119kujemy za bardzo liczny udzia\u0142 w Drodze Krzy\u017cowej w godzinach przedpo\u0142udniowych.<span class=\"Apple-converted-space\">&nbsp;<\/span><\/li>\n<li>Jutro <b>po\u015bwi\u0119cenie pokarm\u00f3w<\/b> wielkanocnych co godzin\u0119 <b>od godz. 9:00 do 12:00<\/b>. Poza ko\u015bcio\u0142em po\u015bwi\u0119cenie pokarm\u00f3w b\u0119dzie od godz. <b>9:00<\/b> w D\u0142ugiem i M\u0119cince w Domu Ludowym, <b>9:15<\/b> w Por\u0119bach i przy kapliczce w M\u0119cince, o <b>9:30 <\/b>w Chlebnej i na Borku w Domach Ludowych. Prosimy, aby z D\u0142ugiego i M\u0119cinki kto\u015b przyjecha\u0142 po ksi\u0119\u017cy. A z Borku i Chlebnej kto\u015b ich odwi\u00f3z\u0142 na plebani\u0119.<span class=\"Apple-converted-space\">&nbsp;<\/span><\/li>\n<li>O godz. <b>15:00<\/b> Koronka do Bo\u017cego Mi\u0142osierdzia w drugim dniu nowenny.<span class=\"Apple-converted-space\">&nbsp;<\/span><\/li>\n<li>Liturgia<b> Wigilii Paschalnej<\/b> rozpocznie si\u0119 przed ko\u015bcio\u0142em przy ognisku o godz. <b>19:30.<\/b> Na t\u0119 liturgi\u0119 przynosimy \u015bwiece. Po zako\u0144czonej Mszy \u015bw. adoracja do godz. 22:00.<\/li>\n<li>W niedziel\u0119 <b>Wielkanoc<\/b> &#8211; rezurekcja o godz. <b>6:00<\/b>, p\u00f3\u017aniej Msze \u015bw. o godz. <b>9:00<\/b>; <b>11:00<\/b>; i <b>12:30<\/b>. Nie b\u0119dzie Mszy wieczornej ani w Wielkanoc, ani Poniedzia\u0142ek Wielkanocny. W Poniedzia\u0142ek Wielkanocny Msze \u015bw. o godz. 7:00; 9:00; 11:00 i 12:30. Panie nios\u0105ce feretrony prosimy, \u017ceby przygotowa\u0142y sobie obraz ju\u017c w tygodniu.<span class=\"Apple-converted-space\">&nbsp;<\/span><\/li>\n<li>Zmiana dotycz\u0105ca udzielania Komunii \u015bw. Ze wzgl\u0119du na to, \u017ce tylko trzech kap\u0142an\u00f3w b\u0119dzie rozdawa\u0107 Komuni\u0119 \u015bw. w czasie \u015bwi\u0105t sprawniej i wygodniej dla wszystkich b\u0119dzie przyjmowanie Komunii \u015bw. przy balaskach, zar\u00f3wno w nawie g\u0142\u00f3wnej jak i bocznych.<span class=\"Apple-converted-space\">&nbsp;<\/span><\/li>\n<li>S\u0105 ju\u017c \u015bwi\u0105teczne numery prasy katolickiej: Niedzieli, Go\u015bcia Niedzielnego i Ma\u0142ego Go\u015bcia Niedzielnego.<span class=\"Apple-converted-space\">&nbsp;<\/span><\/li>\n<li>Gor\u0105co zach\u0119camy do udzia\u0142u w parafialnej pielgrzymce do \u0141agiewnik, kt\u00f3ra odb\u0119dzie si\u0119 w Niedziel\u0119 Mi\u0142osierdzia. Jest jeszcze ok 20 wolnych miejsc. Od tych\u017ce, zale\u017cy czy wyjazd dojdzie do skutku, zatem prosimy o zg\u0142oszenia w zakrystii.<span class=\"Apple-converted-space\">&nbsp;<\/span><\/li>\n<\/ol>\n<p>&nbsp;<\/p>\n<p style=\"text-align: center;\"><b>Adoracja przy Bo\u017cym Grobie<span class=\"Apple-converted-space\">&nbsp;<\/span><\/b><\/p>\n<p style=\"text-align: center;\"><b>Wielki Pi\u0105tek<span class=\"Apple-converted-space\">&nbsp;<\/span><\/b><\/p>\n<table cellspacing=\"0\" cellpadding=\"0\">\n<tbody>\n<tr>\n<td valign=\"top\"><b>GODZINY<span class=\"Apple-converted-space\">&nbsp;<\/span><\/b><b><\/b><\/td>\n<td valign=\"top\"><b>GRUPA<span class=\"Apple-converted-space\">&nbsp;<\/span><\/b><b><\/b><\/td>\n<\/tr>\n<tr>\n<td valign=\"top\"><b>20:00 &#8211; 21:00<\/b><b><\/b><\/td>\n<td valign=\"top\">KSM I M\u0141ODZIE\u017b<span class=\"Apple-converted-space\">&nbsp;<\/span><\/td>\n<\/tr>\n<tr>\n<td valign=\"top\"><b>21:00 &#8211; 22:00<\/b><b><\/b><\/td>\n<td valign=\"top\">KR\u0118GI DOMOWEGO KO\u015aCIO\u0141A, GRUPA BIBLIJNA<span class=\"Apple-converted-space\">&nbsp; <\/span>i RADA PARAFIALNA<span class=\"Apple-converted-space\">&nbsp;<\/span><\/td>\n<\/tr>\n<tr>\n<td valign=\"top\"><b>22:00 &#8211; 23:00<\/b><b><\/b><\/td>\n<td valign=\"top\">KOBIETY I MATKI ORAZ R\u00d3\u017bA B\u0141. RODZINY ULM\u00d3W<span class=\"Apple-converted-space\">&nbsp;<\/span><\/td>\n<\/tr>\n<tr>\n<td valign=\"top\"><b>23:00 &#8211; 24:00<\/b><b><\/b><\/td>\n<td valign=\"top\">M\u0118\u017bCZY\u0179NI i OJCOWIE<span class=\"Apple-converted-space\">&nbsp;<\/span><\/td>\n<\/tr>\n<\/tbody>\n<\/table>\n<p><span class=\"Apple-converted-space\">&nbsp;<\/span><\/p>\n<p><b>Wielka Sobota<span class=\"Apple-converted-space\">&nbsp;<\/span><\/b><\/p>\n<table cellspacing=\"0\" cellpadding=\"0\">\n<tbody>\n<tr>\n<td valign=\"top\"><b>GODZINY<span class=\"Apple-converted-space\">&nbsp;<\/span><\/b><b><\/b><\/td>\n<td valign=\"top\"><b>GRUPA<span class=\"Apple-converted-space\">&nbsp;<\/span><\/b><b><\/b><\/td>\n<\/tr>\n<tr>\n<td valign=\"top\">7:00 &#8211; 8:00<span class=\"Apple-converted-space\">&nbsp;<\/span><\/td>\n<td valign=\"top\">R\u00d3\u017bA \u015aW. JADWIGI i \u015aW. J\u00d3ZEFA<span class=\"Apple-converted-space\">&nbsp;<\/span><\/td>\n<\/tr>\n<tr>\n<td valign=\"top\">8:00 &#8211; 9:00<\/td>\n<td valign=\"top\">R\u00d3\u017bA \u015aW. TERESY OD DZIECI\u0104TKA JEZUS i \u015aW. O. PIO<span class=\"Apple-converted-space\">&nbsp;<\/span><\/td>\n<\/tr>\n<tr>\n<td valign=\"top\">9:00 &#8211; 10:00<\/td>\n<td valign=\"top\">R\u00d3\u017bA \u015aW. KATARZYNY, \u015aW. JANA PAW\u0141A II i \u015aW. KINGI<span class=\"Apple-converted-space\">&nbsp;<\/span><\/td>\n<\/tr>\n<tr>\n<td valign=\"top\">10:00 &#8211; 11:00<\/td>\n<td valign=\"top\">R\u00d3\u017bA \u015aW. JADWIGI \u015aL\u0104SKIEJ i \u015aW. BERNADETTY<span class=\"Apple-converted-space\">&nbsp;<\/span><\/td>\n<\/tr>\n<tr>\n<td valign=\"top\">11:00 &#8211; 12:00<\/td>\n<td valign=\"top\">R\u00d3\u017bA \u015aW. GENOWEFY i S\u0141. B. ANNY JENKE<\/td>\n<\/tr>\n<tr>\n<td valign=\"top\">12:00 &#8211; 13:00<\/td>\n<td valign=\"top\">R\u00d3\u017bA \u015aW. BRATA ALBERTA i \u015aW. JANA Z DUKLI<span class=\"Apple-converted-space\">&nbsp;<\/span><\/td>\n<\/tr>\n<tr>\n<td valign=\"top\">13:00 &#8211; 14:00<span class=\"Apple-converted-space\">&nbsp;<\/span><\/td>\n<td valign=\"top\">R\u00d3\u017bA MB R\u00d3\u017bA\u0143COWEJ i \u015aW. S. FAUSTYNY<span class=\"Apple-converted-space\">&nbsp;<\/span><\/td>\n<\/tr>\n<tr>\n<td valign=\"top\">14:00 &#8211; 15:00<\/td>\n<td valign=\"top\">R\u00d3\u017bA MB SALETY\u0143SKIEJ i NMP KR\u00d3LOWEJ POLSKI<\/td>\n<\/tr>\n<tr>\n<td valign=\"top\">15:00 &#8211; 16:00<span class=\"Apple-converted-space\">&nbsp;<\/span><\/td>\n<td valign=\"top\">AKCJA KATOLICKA i R\u00d3\u017bA MB TARNOWIECKIEJ<span class=\"Apple-converted-space\">&nbsp;<\/span><\/td>\n<\/tr>\n<tr>\n<td valign=\"top\">16:00 &#8211; 17:00<\/td>\n<td valign=\"top\">R\u00d3\u017bA \u015aW. \u0141UKASZA i B\u0141. RODZIN ULM\u00d3W<\/td>\n<\/tr>\n<tr>\n<td valign=\"top\">17:00 &#8211; 18:00<\/td>\n<td valign=\"top\">R\u00d3\u017bA \u015aW. ANTONIEGO i \u015aW. MARII MAGDALENY<span class=\"Apple-converted-space\">&nbsp;<\/span><\/td>\n<\/tr>\n<tr>\n<td valign=\"top\">18:00 &#8211; 19:00<\/td>\n<td valign=\"top\">KR\u0118GI DOMOWEGO KO\u015aCIO\u0141A, GRUPA BIBLIJNA I RADA PARAFIALNA <span class=\"Apple-converted-space\">&nbsp;<\/span><\/td>\n<\/tr>\n<\/tbody>\n<\/table>\n","protected":false},"excerpt":{"rendered":"<p>Wielki Pi\u0105tek, 18 kwietnia 2025 r. Og\u0142oszenia duszpasterskie&nbsp; Plan adoracji przy Bo\u017cym Grobie na dzisiaj do p\u00f3\u0142nocy i na Wielk\u0105 Sobot\u0119 jest zamieszczony poni\u017cej i w gablocie og\u0142osze\u0144 oraz w gazetce parafialnej ANTONI. Dzi\u015b adoracja do 24:00. Taca z adoracji krzy\u017ca przeznaczona jest na utrzymanie zabytk\u00f3w w Ziemii \u015awi\u0119tej.&nbsp; Dzi\u0119kujemy za bardzo liczny udzia\u0142 w [&hellip;]<\/p>\n","protected":false},"author":2,"featured_media":0,"comment_status":"closed","ping_status":"open","sticky":false,"template":"","format":"standard","meta":{"ngg_post_thumbnail":0},"categories":[16,18,17],"tags":[],"_links":{"self":[{"href":"https:\/\/jedlicze.przemyska.pl\/index.php\/wp-json\/wp\/v2\/posts\/3696"}],"collection":[{"href":"https:\/\/jedlicze.przemyska.pl\/index.php\/wp-json\/wp\/v2\/posts"}],"about":[{"href":"https:\/\/jedlicze.przemyska.pl\/index.php\/wp-json\/wp\/v2\/types\/post"}],"author":[{"embeddable":true,"href":"https:\/\/jedlicze.przemyska.pl\/index.php\/wp-json\/wp\/v2\/users\/2"}],"replies":[{"embeddable":true,"href":"https:\/\/jedlicze.przemyska.pl\/index.php\/wp-json\/wp\/v2\/comments?post=3696"}],"version-history":[{"count":1,"href":"https:\/\/jedlicze.przemyska.pl\/index.php\/wp-json\/wp\/v2\/posts\/3696\/revisions"}],"predecessor-version":[{"id":3697,"href":"https:\/\/jedlicze.przemyska.pl\/index.php\/wp-json\/wp\/v2\/posts\/3696\/revisions\/3697"}],"wp:attachment":[{"href":"https:\/\/jedlicze.przemyska.pl\/index.php\/wp-json\/wp\/v2\/media?parent=3696"}],"wp:term":[{"taxonomy":"category","embeddable":true,"href":"https:\/\/jedlicze.przemyska.pl\/index.php\/wp-json\/wp\/v2\/categories?post=3696"},{"taxonomy":"post_tag","embeddable":true,"href":"https:\/\/jedlicze.przemyska.pl\/index.php\/wp-json\/wp\/v2\/tags?post=3696"}],"curies":[{"name":"wp","href":"https:\/\/api.w.org\/{rel}","templated":true}]}}