{"id":3699,"date":"2025-04-20T22:47:06","date_gmt":"2025-04-20T20:47:06","guid":{"rendered":"https:\/\/jedlicze.przemyska.pl\/?p=3699"},"modified":"2025-04-20T22:47:33","modified_gmt":"2025-04-20T20:47:33","slug":"ogloszenia-duszpasterskie-wielkanoc-20-kwietnia","status":"publish","type":"post","link":"https:\/\/jedlicze.przemyska.pl\/index.php\/2025\/04\/20\/ogloszenia-duszpasterskie-wielkanoc-20-kwietnia\/","title":{"rendered":"Og\u0142oszenia duszpasterskie &#8211; Wielkanoc, 20 kwietnia"},"content":{"rendered":"<p style=\"text-align: center;\"><b>Wielkanoc, 20 kwietnia 2025 r.<\/b><\/p>\n<p style=\"text-align: center;\"><b>Og\u0142oszenia duszpasterskie<span class=\"Apple-converted-space\">&nbsp;<\/span><\/b><\/p>\n<ol>\n<li style=\"text-align: justify;\">Dzisiaj Msze \u015bw. s\u0105 jeszcze o godz. <b>9:00; 11:00 i 12:30<\/b>. Nie ma Mszy wieczorem. Trwa nowenna przed \u015awi\u0119tem Mi\u0142osierdzia. Dzisiaj i w Poniedzia\u0142ek Wielkanocny <b>Koronka<\/b> po <b>sumie<\/b>, a od wtorku do soboty <b>po Mszy \u015bw. wieczornej<\/b>.<\/li>\n<li style=\"text-align: justify;\">Jutro <b>drugi dzie\u0144 \u015bwi\u0105t<\/b>. Msze \u015bw. b\u0119d\u0105 tyko do po\u0142udnia <b>7:00, 9:00, 11:00 i 12:30<\/b>. Nie b\u0119dzie Mszy \u015bw. wieczornej. Sk\u0142adka na katolickie uczelnie wy\u017csze.<span class=\"Apple-converted-space\">&nbsp;<\/span><\/li>\n<li style=\"text-align: justify;\">Dzi\u0119kujemy wszystkim osobom zaanga\u017cowanym w przygotowanie Ciemnicy i Bo\u017cego Grobu, szczeg\u00f3lnie za liczniejsze przybycie i pomoc, a tak\u017ce za ofiary przekazywane na dekoracj\u0119 \u015bwi\u0105teczn\u0105. Na r\u0119ce komendant\u00f3w Stra\u017cy Po\u017carnych z OSP Jedlicze, Jedlicze \u2013 M\u0119cinka, D\u0142ugie, Por\u0119by<span class=\"Apple-converted-space\">&nbsp; <\/span>i Chlebna za czuwanie nad bezpiecze\u0144stwem podczas parafialnej drogi krzy\u017cowej w Wielki Pi\u0105tek. Dzi\u0119kujemy stra\u017cakom za czuwanie przy Bo\u017cym Grobie i koordynacj\u0119 wart p. Markowi Kobakowi i p. Andrzejowi Ga\u017adzie, oraz przygotowanie ogniska na Liturgi\u0119 Wigilii Paschalnej, dzi\u0119kujemy ch\u00f3rowi za pi\u0119kn\u0105 opraw\u0119 muzyczn\u0105, dzi\u0119kujemy KSM-owi za czuwania modlitewne w Wielki Czwartek i Pi\u0105tek, ministrantom za wsp\u00f3\u0142prac\u0119 z ks. \u0141ukaszem i uroczyst\u0105 sprawn\u0105 s\u0142u\u017cb\u0119 liturgiczn\u0105, p. organi\u015bcie i ko\u015bcielnemu za dyspozycyjno\u015b\u0107 i przygotowanie oprawy nabo\u017ce\u0144stw, paniom przygotowuj\u0105cym \u015bwi\u0105teczny wystr\u00f3j o\u0142tarzy i ko\u015bcio\u0142a. Wszystkim zaanga\u017cowanym na r\u00f3\u017cny spos\u00f3b w przygotowania ko\u015bcio\u0142a i liturgii, za po\u015bwi\u0119cony czas i w\u0142o\u017cony wysi\u0142ek: B\u00f3g zap\u0142a\u0107!<\/li>\n<li style=\"text-align: justify;\"><b>Trwa oktawa Wielkanocna<\/b>. Dla wszystkich kt\u00f3rzy nie brali udzia\u0142u w nabo\u017ce\u0144stwie Wielkanocnym udzia\u0142 we Mszy \u015bw. jest okazj\u0105 do osobistego spotkania z Jezusem Zmartwychwsta\u0142ych. W pi\u0105tek nie obowi\u0105zuje wstrzemi\u0119\u017aliwo\u015b\u0107 od pokarm\u00f3w mi\u0119snych.<span class=\"Apple-converted-space\">&nbsp;<\/span><\/li>\n<li style=\"text-align: justify;\">Przypominamy o obowi\u0105zku przyj\u0119cia Komunii \u015bwi\u0119tej w okresie Wielkanocnym (od \u015arody Popielcowej do Niedzieli Tr\u00f3jcy \u015awi\u0119tej).<span class=\"Apple-converted-space\">&nbsp;<\/span><\/li>\n<li style=\"text-align: justify;\">W <b>\u015brod\u0119<\/b> (23 kwietnia) o godz. <b>12:00<\/b> na cmentarzu b\u0119d\u0105 obchody 80. rocznicy \u015bmierci kpt. Stanis\u0142awa Betleja. Do udzia\u0142u w modlitwie i wspomnieniu kpt. Betleja zaprasza m.in. Burmistrz Gminy Jedlicze.<span class=\"Apple-converted-space\">&nbsp;<\/span><\/li>\n<li style=\"text-align: justify;\">Dzi\u0119kujemy w\u0142a\u015bcicielom sklep\u00f3w i wszystkim ofiarodawcom, za udzia\u0142 w akcji charytatywnej, dziel\u0105c si\u0119 z potrzebuj\u0105cymi i sk\u0142adaj\u0105c zakupione produkty przed \u015bwi\u0119tami. Za\u015b Parafialnemu Ko\u0142u Caritas dzi\u0119kujemy za przekazanie dar\u00f3w, kt\u00f3re pozwoli\u0142y osobom potrzebuj\u0105cym godnie zastawi\u0107 st\u00f3\u0142 \u015bwi\u0105teczny. Jednocze\u015bnie dzi\u0119kujemy wszystkim osobom, kt\u00f3re podzieli\u0142y si\u0119 \u015bwi\u0105tecznymi wypiekami i w\u0119dlinami z ksi\u0119\u017cmi. Wszystkim niech Pan B\u00f3g wynagrodzi!<span class=\"Apple-converted-space\">&nbsp;<\/span><\/li>\n<li style=\"text-align: justify;\">Za tydzie\u0144 <b>Niedziela Bo\u017cego Mi\u0142osierdzia<\/b>. Po Mszach \u015bwi\u0119tych zbi\u00f3rka do puszek na Caritas. Osoby, kt\u00f3re sk\u0142ada\u0142y ja\u0142mu\u017cn\u0119 wielkopostn\u0105 do skarbonek prosimy, aby do niedzieli przynios\u0142y skarbonki do ko\u015bcio\u0142a, w celu przekazania ich do Caritas Archidiecezji Przemyskiej. W tym dniu odb\u0119dzie si\u0119 pielgrzymka do \u0141agiewnik. Wyjazd z parkingu przy ko\u015bciele o godz. 6:00. Prosi si\u0119 o potwierdzenie wyjazdu przez wp\u0142at\u0119 70 z\u0142.<span class=\"Apple-converted-space\">&nbsp;<\/span><\/li>\n<li style=\"text-align: justify;\">Do nabycia \u015bwi\u0105teczne numery prasy katolickiej: <i>Go\u015bcia Niedzielnego, Ma\u0142ego Go\u015bcia i Niedzieli.<\/i> W Go\u015bciu Niedzielnym o nowym zwyczaju wielkanocnym, co oznacza obni\u017cenie sk\u0142adki zdrowotnej dla przedsi\u0119biorc\u00f3w lub o bardzo trudnej codzienno\u015bci chrze\u015bcijan \u017cyj\u0105cych w ojczy\u017anie Pana Jezusa. Ma\u0142y Go\u015b\u0107 po\u015bwi\u0119cony Carlo Acutisowi. W Niedzieli na czym polega prawdziwe \u015bwi\u0119towanie Wielkanocy, jak \u015bwi\u0119towa\u0107 w rodzinie, albo o etapach ekspansji ludzi proroka Mahometa.<span class=\"Apple-converted-space\">&nbsp;<\/span><\/li>\n<li style=\"text-align: justify;\">Na tablicy og\u0142osze\u0144 jest informacja o naborze do Klubu Seniora.<span class=\"Apple-converted-space\">&nbsp;<\/span><\/li>\n<li style=\"text-align: justify;\">W ostatnim czasie do wieczno\u015bci odszed\u0142 \u015bp. W\u0142adys\u0142aw SOBCZAK ur. w 1951 r. z ul. Kurkowskiego (pogrzeb w \u015brod\u0119). Polecajmy Zmar\u0142ego Bo\u017cemu Mi\u0142osiedziu: <i>Wieczne odpoczywanie&#8230;<\/i><i><\/i><\/li>\n<li style=\"text-align: justify;\">Wszystkim Parafianom i Go\u015bciom sk\u0142adamy najlepsze \u017cyczenia: Niech Zmartwychwsta\u0142y Chrystus wzmacnia nadziej\u0119 na zwyci\u0119stwo dobra nad z\u0142em, a rodzinne spotkania nape\u0142nia swoim pokojem i b\u0142ogos\u0142awie\u0144stwem!<span class=\"Apple-converted-space\">&nbsp;<\/span><\/li>\n<\/ol>\n","protected":false},"excerpt":{"rendered":"<p>Wielkanoc, 20 kwietnia 2025 r. Og\u0142oszenia duszpasterskie&nbsp; Dzisiaj Msze \u015bw. s\u0105 jeszcze o godz. 9:00; 11:00 i 12:30. Nie ma Mszy wieczorem. Trwa nowenna przed \u015awi\u0119tem Mi\u0142osierdzia. Dzisiaj i w Poniedzia\u0142ek Wielkanocny Koronka po sumie, a od wtorku do soboty po Mszy \u015bw. wieczornej. Jutro drugi dzie\u0144 \u015bwi\u0105t. Msze \u015bw. b\u0119d\u0105 tyko do po\u0142udnia 7:00, [&hellip;]<\/p>\n","protected":false},"author":2,"featured_media":0,"comment_status":"closed","ping_status":"open","sticky":false,"template":"","format":"standard","meta":{"ngg_post_thumbnail":0},"categories":[16,18,17],"tags":[],"_links":{"self":[{"href":"https:\/\/jedlicze.przemyska.pl\/index.php\/wp-json\/wp\/v2\/posts\/3699"}],"collection":[{"href":"https:\/\/jedlicze.przemyska.pl\/index.php\/wp-json\/wp\/v2\/posts"}],"about":[{"href":"https:\/\/jedlicze.przemyska.pl\/index.php\/wp-json\/wp\/v2\/types\/post"}],"author":[{"embeddable":true,"href":"https:\/\/jedlicze.przemyska.pl\/index.php\/wp-json\/wp\/v2\/users\/2"}],"replies":[{"embeddable":true,"href":"https:\/\/jedlicze.przemyska.pl\/index.php\/wp-json\/wp\/v2\/comments?post=3699"}],"version-history":[{"count":1,"href":"https:\/\/jedlicze.przemyska.pl\/index.php\/wp-json\/wp\/v2\/posts\/3699\/revisions"}],"predecessor-version":[{"id":3700,"href":"https:\/\/jedlicze.przemyska.pl\/index.php\/wp-json\/wp\/v2\/posts\/3699\/revisions\/3700"}],"wp:attachment":[{"href":"https:\/\/jedlicze.przemyska.pl\/index.php\/wp-json\/wp\/v2\/media?parent=3699"}],"wp:term":[{"taxonomy":"category","embeddable":true,"href":"https:\/\/jedlicze.przemyska.pl\/index.php\/wp-json\/wp\/v2\/categories?post=3699"},{"taxonomy":"post_tag","embeddable":true,"href":"https:\/\/jedlicze.przemyska.pl\/index.php\/wp-json\/wp\/v2\/tags?post=3699"}],"curies":[{"name":"wp","href":"https:\/\/api.w.org\/{rel}","templated":true}]}}