{"id":3755,"date":"2025-06-21T19:00:55","date_gmt":"2025-06-21T17:00:55","guid":{"rendered":"https:\/\/jedlicze.przemyska.pl\/?p=3755"},"modified":"2025-06-21T18:15:42","modified_gmt":"2025-06-21T16:15:42","slug":"ogloszenia-duszpasterskie-xii-niedziela-zwykla-22-czerwca","status":"publish","type":"post","link":"https:\/\/jedlicze.przemyska.pl\/index.php\/2025\/06\/21\/ogloszenia-duszpasterskie-xii-niedziela-zwykla-22-czerwca\/","title":{"rendered":"Og\u0142oszenia duszpasterskie &#8211; XII Niedziela zwyk\u0142a, 22 czerwca"},"content":{"rendered":"<p style=\"text-align: center;\"><b>XII Niedziela zwyk\u0142a, 22 czerwca 2025 r.<\/b><\/p>\n<p style=\"text-align: center;\"><b>Og\u0142oszenia duszpasterskie<span class=\"Apple-converted-space\">&nbsp;<\/span><\/b><\/p>\n<ol>\n<li style=\"text-align: justify;\">Dzisiaj nabo\u017ce\u0144stwo do Serca Pana Jezusa o godz. 17:30, po litanii procesja eucharystyczna, a p\u00f3\u017aniej Msza \u015bw. W tygodniu po Mszy \u015bw. wieczornej litania , a p\u00f3\u017aniej procesja eucharystyczna. Trwa oktawa Bo\u017cego Cia\u0142a dlatego zapraszamy ch\u0142opc\u00f3w do dzwonienia, a dziewczynki do sypania kwiat\u00f3w. Codziennie za udzia\u0142 w procesji Bo\u017cego Cia\u0142a w Roku Jubileuszowym mo\u017cna zyskiwa\u0107 odpust zupe\u0142ny pod zwyk\u0142ymi warunkami.<span class=\"Apple-converted-space\">&nbsp;<\/span><\/li>\n<li style=\"text-align: justify;\">Sk\u0142adamy podzi\u0119kowanie p. Adamowi Kosiek za odnowienie krzy\u017ca misyjnego na nowo po\u015bwi\u0119conego na zako\u0144czenie Misji Parafialnych i p. Wiluszowi za odnowienie starych tabliczek i wykonanie nowej z upami\u0119tnieniem daty tego wydarzenia.<span class=\"Apple-converted-space\">&nbsp;<\/span><\/li>\n<li style=\"text-align: justify;\">Dzisiejsza sk\u0142adka na Fundusz Inwestycyjny Parafii.<span class=\"Apple-converted-space\">&nbsp;<\/span><\/li>\n<li style=\"text-align: justify;\">Dzisiaj w Jaszczwi odbywa si\u0119 wydarzenie ze zbi\u00f3rk\u0105 funduszy dla chorego Kubusia z Jaszczwi. Szczeg\u00f3\u0142y na plakacie.<\/li>\n<li style=\"text-align: justify;\">W \u015brod\u0119, 25 czerwca od godz. 16:00 do 17:00 w Domu Ludowym w D\u0142ugiem mo\u017cna wp\u0142aca\u0107 na budow\u0119 ko\u015bcio\u0142a filialnego w D\u0142ugiem-Por\u0119bach.<span class=\"Apple-converted-space\">&nbsp;<\/span><\/li>\n<li style=\"text-align: justify;\">W <b>czwartek<\/b> w ko\u015bciele o godz. <b>10:00<\/b> b\u0119dzie Msza \u015bw. na <b>zako\u0144czenie roku szkolnego<\/b> dla <b>szk\u00f3\u0142<\/b> podstawowych i \u015brednich.<span class=\"Apple-converted-space\">&nbsp;<\/span><\/li>\n<li style=\"text-align: justify;\">W <b>czwartek<\/b> zako\u0144czenie Oktawy Bo\u017cego Cia\u0142a. Od godz. 17:00 wystawienie Naj\u015bwi\u0119tszego Sakramentu, o godz. 17:30 litania do Serca Bo\u017cego, a nast\u0119pnie procesja. Po zako\u0144czonej Mszy \u015bw. wieczornej b\u0119dzie <b>po\u015bwi\u0119cenie wiank\u00f3w i b\u0142ogos\u0142awie\u0144stwo dzieci.<span class=\"Apple-converted-space\">&nbsp;<\/span><\/b><\/li>\n<li style=\"text-align: justify;\">W <b>pi\u0105tek<\/b> wypada <b>Uroczysto\u015b\u0107 Naj\u015bwi\u0119tszego Serca Pana Jezusa<\/b>. Jest to dzie\u0144 modlitw o u\u015bwi\u0119cenie kap\u0142an\u00f3w. Ze racji uroczysto\u015bci nie obowi\u0105zuje wstrzemi\u0119\u017aliwo\u015b\u0107 od pokarm\u00f3w mi\u0119snych.<span class=\"Apple-converted-space\">&nbsp;<\/span><\/li>\n<li style=\"text-align: justify;\">Za tydzie\u0144 w niedziel\u0119 uroczysto\u015b\u0107 \u015bw. Piotra i Paw\u0142a, sk\u0142adka przeznaczona na Stolic\u0119 Apostolsk\u0105.<span class=\"Apple-converted-space\">&nbsp;<\/span><\/li>\n<li style=\"text-align: justify;\">Za tydzie\u0144 odb\u0119dzie si\u0119 Piknik Parafialny. Zapraszamy od godz. 14:00 na plac przy parkingu ko\u015bcielnym. Doch\u00f3d z wydarzenia zasili Fundusz Inwestycyjny Parafii i cz\u0119\u015bciowo na fundusze b\u0119d\u0105 przekazane na budow\u0119 ko\u015bcio\u0142a filialnego.<span class=\"Apple-converted-space\">&nbsp;<\/span><\/li>\n<li style=\"text-align: justify;\">Do nabycia prasa katolicka: Go\u015b\u0107 Niedzielny, Ma\u0142y Go\u015b\u0107 Niedzielny, Historia Ko\u015bcio\u0142a, Niedziela, Magazyn Niedzieli i ANTONI. W <i>Go\u015bciu Niedzielnym<\/i> o odkrywaniu wiary w zlaicyzowanym spo\u0142ecze\u0144stwie, o cz\u0119stej Komunii \u015bw. i g\u0142odzie Eucharystii, albo co znaczy by\u0107 pa\u0144stwowcem. W <i>Ma\u0142ym Go\u015bciu<\/i> o Pierre Giorgio Frasattim i zak\u0142adka do ksi\u0105\u017cek z jego wizerunkiem. W <i>Niedzieli<\/i> o sensie zawierzenia Naj\u015bwi\u0119tszemu Sercu Pana Jezusa, jak zapewni\u0107 dzieciom bezpiecze\u0144stwo b\u0105d\u017a o zagro\u017ceniach dla dzieci w zwi\u0105zku z przedmiotem edukacji zdrowotnej.<span class=\"Apple-converted-space\">&nbsp;<\/span><\/li>\n<\/ol>\n","protected":false},"excerpt":{"rendered":"<p>XII Niedziela zwyk\u0142a, 22 czerwca 2025 r. Og\u0142oszenia duszpasterskie&nbsp; Dzisiaj nabo\u017ce\u0144stwo do Serca Pana Jezusa o godz. 17:30, po litanii procesja eucharystyczna, a p\u00f3\u017aniej Msza \u015bw. W tygodniu po Mszy \u015bw. wieczornej litania , a p\u00f3\u017aniej procesja eucharystyczna. Trwa oktawa Bo\u017cego Cia\u0142a dlatego zapraszamy ch\u0142opc\u00f3w do dzwonienia, a dziewczynki do sypania kwiat\u00f3w. Codziennie za udzia\u0142 [&hellip;]<\/p>\n","protected":false},"author":2,"featured_media":0,"comment_status":"closed","ping_status":"open","sticky":false,"template":"","format":"standard","meta":{"ngg_post_thumbnail":0},"categories":[16,18,17],"tags":[],"_links":{"self":[{"href":"https:\/\/jedlicze.przemyska.pl\/index.php\/wp-json\/wp\/v2\/posts\/3755"}],"collection":[{"href":"https:\/\/jedlicze.przemyska.pl\/index.php\/wp-json\/wp\/v2\/posts"}],"about":[{"href":"https:\/\/jedlicze.przemyska.pl\/index.php\/wp-json\/wp\/v2\/types\/post"}],"author":[{"embeddable":true,"href":"https:\/\/jedlicze.przemyska.pl\/index.php\/wp-json\/wp\/v2\/users\/2"}],"replies":[{"embeddable":true,"href":"https:\/\/jedlicze.przemyska.pl\/index.php\/wp-json\/wp\/v2\/comments?post=3755"}],"version-history":[{"count":1,"href":"https:\/\/jedlicze.przemyska.pl\/index.php\/wp-json\/wp\/v2\/posts\/3755\/revisions"}],"predecessor-version":[{"id":3756,"href":"https:\/\/jedlicze.przemyska.pl\/index.php\/wp-json\/wp\/v2\/posts\/3755\/revisions\/3756"}],"wp:attachment":[{"href":"https:\/\/jedlicze.przemyska.pl\/index.php\/wp-json\/wp\/v2\/media?parent=3755"}],"wp:term":[{"taxonomy":"category","embeddable":true,"href":"https:\/\/jedlicze.przemyska.pl\/index.php\/wp-json\/wp\/v2\/categories?post=3755"},{"taxonomy":"post_tag","embeddable":true,"href":"https:\/\/jedlicze.przemyska.pl\/index.php\/wp-json\/wp\/v2\/tags?post=3755"}],"curies":[{"name":"wp","href":"https:\/\/api.w.org\/{rel}","templated":true}]}}