{"id":3829,"date":"2025-09-13T19:00:04","date_gmt":"2025-09-13T17:00:04","guid":{"rendered":"https:\/\/jedlicze.przemyska.pl\/?p=3829"},"modified":"2025-09-17T14:41:00","modified_gmt":"2025-09-17T12:41:00","slug":"ogloszenia-duszpasterskie-xxiv-niedziela-zwykla-14-wrzesnia","status":"publish","type":"post","link":"https:\/\/jedlicze.przemyska.pl\/index.php\/2025\/09\/13\/ogloszenia-duszpasterskie-xxiv-niedziela-zwykla-14-wrzesnia\/","title":{"rendered":"Og\u0142oszenia duszpasterskie &#8211; XXIV Niedziela zwyk\u0142a, 14 wrze\u015bnia"},"content":{"rendered":"<p style=\"text-align: center;\"><b>XXIV Niedziela zwyk\u0142a, 14 wrze\u015bnia 2025 r.<\/b><\/p>\n<p style=\"text-align: center;\"><b>Og\u0142oszenia duszpasterskie<span class=\"Apple-converted-space\">&nbsp;<\/span><\/b><b><\/b><\/p>\n<ol>\n<li style=\"text-align: justify;\"><b>Jutro, <\/b>w poniedzia\u0142ek wspomnienie MB Bolesnej i pocz\u0105tek triduum przed \u015bwi\u0119tem \u015bw. Stanis\u0142awa Koski &#8211; Patrona Dzieci i M\u0142odzie\u017cy. O <b>godz. 18:00<\/b> b\u0119dzie uroczysta <b>Msza<\/b> \u015bw., na kt\u00f3rej zostan\u0105 przyj\u0119ci do grona ministrant\u00f3w dotychczasowi kandydaci. A m\u0142odzie\u017c z <b>klas VI &#8211; VIII<\/b> rozpocznie rok formacyjny przed bierzmowaniem. Mszy \u015bw. b\u0119dzie przewodniczy\u0142 Nuncjusz Apostolski w Angoli ks. Arcybiskup Kryspin Dubiel. To wyj\u0105tkowe wydarzenie i okazja do spotkania oraz modlitwy z przedstawicielem Stolicy Apostolskiej. Serdecznie zapraszamy wszystkich parafian, a zw\u0142aszcza rodziny ministrant\u00f3w.<span class=\"Apple-converted-space\">&nbsp;<\/span><\/li>\n<li style=\"text-align: justify;\">Spotkania formacyjne: we <b>wtorek<\/b> o godz. 17:00 kandydaci na ministr\u00f3w &#8211; szczeg\u00f3lnie zapraszamy ch\u0142opc\u00f3w pocz\u0105wszy od II klasy SP do podj\u0119cia tej pi\u0119knej pos\u0142ugi &#8211; deklaracje zg\u0142oszeniowe s\u0105 do odbioru z zakrystii, a po Mszy \u015bw. wieczornej we wtorek grupa biblijna i rozwa\u017canie o mi\u0142o\u015bci nieprzyjaci\u00f3\u0142, tak\u017ce po Mszy wieczornej spotkanie m\u0142odzie\u017cy z <b>klas 8 <\/b>przygotowuj\u0105cej si\u0119 do bierzmowania; w <b>\u015brod\u0119<\/b> po Mszy wieczornej ministranci, w pi\u0105tek KSM, w sobot\u0119 schola. W <b>niedziel\u0119<\/b> na Mszy \u015bw. o godz. <b>12:30 <\/b>i po jej zako\u0144czeniu spotkanie dzieci przygotowuj\u0105cych si\u0119 do I Komunii \u015bw. wraz z rodzicami.<span class=\"Apple-converted-space\">&nbsp;<\/span><\/li>\n<li style=\"text-align: justify;\">We <b>wtorek<\/b> nowenna do \u015bw. Antoniego, w <b>\u015brod\u0119<\/b> do MB Nieustaj\u0105cej Pomocy, w<span class=\"Apple-converted-space\">&nbsp; <\/span><b>czwartek<\/b> wystawienie Naj\u015bwi\u0119tszego Sakramentu od godz. 17:00, a o godz. 18:00 Msza \u015bw. &#8211; jest to \u015bwi\u0119to \u015bw. Stanis\u0142awa Kostki zapraszamy dzieci i m\u0142odzie\u017c, w <b>pi\u0105tek<\/b> Koronka do Bo\u017cego Mi\u0142osierdzia.<span class=\"Apple-converted-space\">&nbsp;<\/span><\/li>\n<li style=\"text-align: justify;\">Za tydzie\u0144 sk\u0142adka przeznaczona b\u0119dzie na Fundusz Inwestycyjny Parafii.<span class=\"Apple-converted-space\">&nbsp;<\/span><\/li>\n<li style=\"text-align: justify;\">Przygotowujemy si\u0119 do obchod\u00f3w Jubileuszu 100-lecia konsekracji ko\u015bcio\u0142a. Od przysz\u0142ej niedzieli b\u0119dzie mo\u017cna nabywa\u0107 okoliczno\u015bciowe r\u00f3\u017ca\u0144ce, a do skarbonki z ty\u0142u \u0142awek sk\u0142ada\u0107 ofiary na organizacj\u0119 tego wydarzenia i dar o\u0142tarza od parafian.<span class=\"Apple-converted-space\">&nbsp;<\/span><\/li>\n<li style=\"text-align: justify;\">Przypominamy i uwra\u017cliwiamy rodzic\u00f3w, \u017ce do 25 wrze\u015bnia up\u0142ywa nieprzekraczalny termin wypisywania dzieci z lekcji \u201eedukacja zdrowotna\u201d, kt\u00f3ra niesie ogromne niebezpiecze\u0144stwa dla dzieci i m\u0142odzie\u017cy w rozumieniu ma\u0142\u017ce\u0144stwa, rodziny i seksualno\u015bci. \u015awiat zachodni zbiera ju\u017c tragiczne owoce wychowania dzieci w formacie, jaki proponuje obecna minister edukacji. Rodzice maj\u0105 prawo decydowa\u0107, w jakim \u015bwiatopogl\u0105dzie wychowywane s\u0105 ich dzieci. Nie mo\u017cna by\u0107 oboj\u0119tnym w tej sytuacji.<span class=\"Apple-converted-space\">&nbsp; &nbsp;<\/span><\/li>\n<li style=\"text-align: justify;\"><b>27 wrze\u015bnia, <\/b>sobota odb\u0119dzie si\u0119 pielgrzymka R\u00f3\u017c \u017bywego R\u00f3\u017ca\u0144ca do Kalwarii Pac\u0142awskiej. Ch\u0119tnych prosimy zapisywa\u0107 si\u0119 w zakrystii. Zapisy trwa\u0107 b\u0119d\u0105 do przysz\u0142ej niedzieli i wtedy podany b\u0119dzie koszt przejazdu.<span class=\"Apple-converted-space\">&nbsp;<\/span><\/li>\n<li style=\"text-align: justify;\">Do nabycia prasa katolicka: Go\u015b\u0107 Niedzielny, Historia Ko\u015bcio\u0142a, Niedziela i ANTONI. W <i>Niedzieli <\/i>sylwetka Papie\u017ca Leona XIV, o dogmacie bosko\u015bci Chrystusa, albo relacja z dzia\u0142ania Caritas w rok po powodzi;<i> W Go\u015bciu Niedzielnym <\/i>jak kocha\u0107 krzy\u017c i nie\u015b\u0107 go przez ca\u0142e \u017cycie, albo o nieznanej historii ma\u0142oletnich ofiar zbrodni katy\u0144skiej.<i> <\/i>W <i>Historii Ko\u015bcio\u0142a<\/i> o zakonie Krzy\u017cackim, albo o \u015bredniowieczu.<\/li>\n<li style=\"text-align: justify;\">W ubieg\u0142ym tygodniu do wieczno\u015bci odesz\u0142a \u015bp. Maria Bobusia z ul. Wierzbowej ur. W 1934 r. Polecajmy Zmar\u0142\u0105 Bo\u017cemu Mi\u0142osierdziu <i>Wieczne odpoczywanie\u2026<\/i><\/li>\n<\/ol>\n","protected":false},"excerpt":{"rendered":"<p>XXIV Niedziela zwyk\u0142a, 14 wrze\u015bnia 2025 r. Og\u0142oszenia duszpasterskie&nbsp; Jutro, w poniedzia\u0142ek wspomnienie MB Bolesnej i pocz\u0105tek triduum przed \u015bwi\u0119tem \u015bw. Stanis\u0142awa Koski &#8211; Patrona Dzieci i M\u0142odzie\u017cy. O godz. 18:00 b\u0119dzie uroczysta Msza \u015bw., na kt\u00f3rej zostan\u0105 przyj\u0119ci do grona ministrant\u00f3w dotychczasowi kandydaci. A m\u0142odzie\u017c z klas VI &#8211; VIII rozpocznie rok formacyjny przed [&hellip;]<\/p>\n","protected":false},"author":2,"featured_media":0,"comment_status":"closed","ping_status":"open","sticky":false,"template":"","format":"standard","meta":{"ngg_post_thumbnail":0},"categories":[16,18,17],"tags":[],"_links":{"self":[{"href":"https:\/\/jedlicze.przemyska.pl\/index.php\/wp-json\/wp\/v2\/posts\/3829"}],"collection":[{"href":"https:\/\/jedlicze.przemyska.pl\/index.php\/wp-json\/wp\/v2\/posts"}],"about":[{"href":"https:\/\/jedlicze.przemyska.pl\/index.php\/wp-json\/wp\/v2\/types\/post"}],"author":[{"embeddable":true,"href":"https:\/\/jedlicze.przemyska.pl\/index.php\/wp-json\/wp\/v2\/users\/2"}],"replies":[{"embeddable":true,"href":"https:\/\/jedlicze.przemyska.pl\/index.php\/wp-json\/wp\/v2\/comments?post=3829"}],"version-history":[{"count":2,"href":"https:\/\/jedlicze.przemyska.pl\/index.php\/wp-json\/wp\/v2\/posts\/3829\/revisions"}],"predecessor-version":[{"id":3847,"href":"https:\/\/jedlicze.przemyska.pl\/index.php\/wp-json\/wp\/v2\/posts\/3829\/revisions\/3847"}],"wp:attachment":[{"href":"https:\/\/jedlicze.przemyska.pl\/index.php\/wp-json\/wp\/v2\/media?parent=3829"}],"wp:term":[{"taxonomy":"category","embeddable":true,"href":"https:\/\/jedlicze.przemyska.pl\/index.php\/wp-json\/wp\/v2\/categories?post=3829"},{"taxonomy":"post_tag","embeddable":true,"href":"https:\/\/jedlicze.przemyska.pl\/index.php\/wp-json\/wp\/v2\/tags?post=3829"}],"curies":[{"name":"wp","href":"https:\/\/api.w.org\/{rel}","templated":true}]}}