{"id":3848,"date":"2025-09-20T19:00:47","date_gmt":"2025-09-20T17:00:47","guid":{"rendered":"https:\/\/jedlicze.przemyska.pl\/?p=3848"},"modified":"2025-09-21T18:46:32","modified_gmt":"2025-09-21T16:46:32","slug":"ogloszenia-duszpasterskie-xxv-niedziela-zwykla-21-wrzesnia","status":"publish","type":"post","link":"https:\/\/jedlicze.przemyska.pl\/index.php\/2025\/09\/20\/ogloszenia-duszpasterskie-xxv-niedziela-zwykla-21-wrzesnia\/","title":{"rendered":"Og\u0142oszenia duszpasterskie &#8211; XXV Niedziela zwyk\u0142a, 21 wrze\u015bnia"},"content":{"rendered":"<p style=\"text-align: center;\"><b>XXV Niedziela zwyk\u0142a, 21 wrze\u015bnia 2025 r.<\/b><\/p>\n<p style=\"text-align: center;\"><b>Og\u0142oszenia duszpasterskie<span class=\"Apple-converted-space\">&nbsp;<\/span><\/b><b><\/b><\/p>\n<ol>\n<li style=\"text-align: justify;\">Dzisiaj na Mszy \u015bw. o godz. <b>12:30 <\/b>i po jej zako\u0144czeniu spotkanie dzieci przygotowuj\u0105cych si\u0119 do I Komunii \u015bw. wraz z rodzicami.<span class=\"Apple-converted-space\">&nbsp;<\/span><\/li>\n<li style=\"text-align: justify;\">Dzisiejsza sk\u0142adka przeznaczona jest na Fundusz Inwestycyjny Parafii. B\u00f3g zap\u0142a\u0107 ofiarodawcom za zrozumienie i wsparcie.<span class=\"Apple-converted-space\">&nbsp;<\/span><\/li>\n<li style=\"text-align: justify;\">Spotkania formacyjne: we <b>wtorek<\/b> o godz. 17:00 kandydaci na ministr\u00f3w &#8211; szczeg\u00f3lnie zapraszamy ch\u0142opc\u00f3w od II klasy SP do podj\u0119cia tej pi\u0119knej pos\u0142ugi &#8211; deklaracje zg\u0142oszeniowe s\u0105 do odbioru z zakrystii, a po Mszy \u015bw. wieczornej we wtorek grupa biblijna,; w <b>\u015brod\u0119<\/b> po Mszy wieczornej ministranci, oraz Akcja Katolicka, w pi\u0105tek KSM, w sobot\u0119 schola. Uczniowie klas VII w tym tygodniu mog\u0105 odbiera\u0107 deklaracje zg\u0142oszeniowe do formacji z zakrystii.<span class=\"Apple-converted-space\">&nbsp;<\/span><\/li>\n<li style=\"text-align: justify;\">We <b>wtorek<\/b> nowenna do \u015bw. Antoniego, w <b>\u015brod\u0119<\/b> do MB Nieustaj\u0105cej Pomocy, w<span class=\"Apple-converted-space\">&nbsp; <\/span><b>czwartek<\/b> wystawienie Naj\u015bwi\u0119tszego Sakramentu od godz. 17:00, a o godz. 18:00 Msza \u015bw., w <b>pi\u0105tek<\/b> Koronka do Bo\u017cego Mi\u0142osierdzia.<span class=\"Apple-converted-space\">&nbsp;<\/span><\/li>\n<li style=\"text-align: justify;\">24 wrze\u015bnia, w \u015brod\u0119 w godz. 16:00-17:00 w Domu Ludowym w D\u0142ugiem mo\u017cna wp\u0142aca\u0107 na budow\u0119 ko\u015bcio\u0142a filialnego.<span class=\"Apple-converted-space\">&nbsp;<\/span><\/li>\n<li style=\"text-align: justify;\">Przygotowujemy si\u0119 do obchod\u00f3w Jubileuszu 100-lecia konsekracji ko\u015bcio\u0142a. Od dzisiaj mo\u017cna nabywa\u0107 okoliczno\u015bciowe r\u00f3\u017ca\u0144ce, a do skarbonki z ty\u0142u \u0142awek sk\u0142ada\u0107 ofiary na organizacj\u0119 tego wydarzenia i dar o\u0142tarza od parafian.<span class=\"Apple-converted-space\">&nbsp;<\/span><\/li>\n<li style=\"text-align: justify;\">Przypominamy i uwra\u017cliwiamy rodzic\u00f3w, \u017ce 25 wrze\u015bnia, czyli w czwartek up\u0142ywa nieprzekraczalny termin wypisywania dzieci z lekcji \u201eedukacja zdrowotna\u201d, kt\u00f3ra niesie ogromne niebezpiecze\u0144stwa dla dzieci i m\u0142odzie\u017cy w rozumieniu ma\u0142\u017ce\u0144stwa, rodziny i seksualno\u015bci. \u015awiat zachodni zbiera ju\u017c tragiczne owoce wychowania dzieci w formacie, jaki proponuje obecna minister edukacji. Rodzice maj\u0105 prawo decydowa\u0107, w jakim \u015bwiatopogl\u0105dzie wychowywane s\u0105 ich dzieci. Nie mo\u017cna by\u0107 oboj\u0119tnym w tej sytuacji i nie chodzi tutaj o dyskryminowanie, czy negatywn\u0105 ocen\u0119 nauczycieli maj\u0105cych prowadzi\u0107 ten przedmiot, lecz o za\u0142o\u017cenia programowe narzucone przez ministerstwo, kt\u00f3re s\u0105 niezgodne z warto\u015bciami katolickimi.<span class=\"Apple-converted-space\">&nbsp;<\/span><\/li>\n<li style=\"text-align: justify;\"><b>27 wrze\u015bnia<\/b> (sobota) jest pielgrzymka R\u00f3\u017c \u017bywego R\u00f3\u017ca\u0144ca do Kalwarii Pac\u0142awskiej. Wyjazd o godz. 7:00 z parkingu przy ko\u015bciele.<span class=\"Apple-converted-space\"> Koszt 50 z\u0142. S\u0105 jeszcze wolne miejsca wi\u0119c zach\u0119camy do w\u0142\u0105czenia si\u0119 w grup\u0119 pielgrzymkow\u0105.&nbsp;<\/span><\/li>\n<li style=\"text-align: justify;\">Do nabycia prasa katolicka: Go\u015b\u0107 Niedzielny, Niedziela i ANTONI. W <i>Niedzieli <\/i>pytania o dzia\u0142alno\u015b\u0107 Rosji wzgl\u0119dem Polski, czym by\u0142a Arka Przymierza, refleksje o zmianie Konstytucji;<i> W Go\u015bciu Niedzielnym <\/i>jak przygotowa\u0107 si\u0119 na sytuacje kryzysowe, o odrodzeniu wiary we Francji, o zagro\u017ceniach polskiej energetyki.<span class=\"Apple-converted-space\">&nbsp;<\/span><\/li>\n<li style=\"text-align: justify;\">Powiatowe Centrum Pomocy Rodzinie prowadzi nab\u00f3r dla kandydat\u00f3w na rodzic\u00f3w zast\u0119pczych. Szczeg\u00f3\u0142y na plakacie przed ko\u015bcio\u0142em.<span class=\"Apple-converted-space\">&nbsp;<\/span><\/li>\n<li style=\"text-align: justify;\">W ostatnim czasie do wieczno\u015bci odeszli: \u015bp. Andrzej \u0141UKASIEWICZ z ul. Ko\u015bciuszki ur. w 1943 r., \u015bp. Marian NOWOTY\u0143SKI z ul. Ko\u015bciuszki ur. w 1948 r. i \u015bp. Bronis\u0142aw \u015aWI\u0104TEK z ul. Krasi\u0144skiego ur. w 1934 r. Polecajmy Zmar\u0142ych Bo\u017cemu Mi\u0142osierdziu <i>Wieczne odpoczywanie\u2026<\/i><\/li>\n<\/ol>\n","protected":false},"excerpt":{"rendered":"<p>XXV Niedziela zwyk\u0142a, 21 wrze\u015bnia 2025 r. Og\u0142oszenia duszpasterskie&nbsp; Dzisiaj na Mszy \u015bw. o godz. 12:30 i po jej zako\u0144czeniu spotkanie dzieci przygotowuj\u0105cych si\u0119 do I Komunii \u015bw. wraz z rodzicami.&nbsp; Dzisiejsza sk\u0142adka przeznaczona jest na Fundusz Inwestycyjny Parafii. B\u00f3g zap\u0142a\u0107 ofiarodawcom za zrozumienie i wsparcie.&nbsp; Spotkania formacyjne: we wtorek o godz. 17:00 kandydaci na [&hellip;]<\/p>\n","protected":false},"author":2,"featured_media":0,"comment_status":"closed","ping_status":"open","sticky":false,"template":"","format":"standard","meta":{"ngg_post_thumbnail":0},"categories":[16,18,17],"tags":[],"_links":{"self":[{"href":"https:\/\/jedlicze.przemyska.pl\/index.php\/wp-json\/wp\/v2\/posts\/3848"}],"collection":[{"href":"https:\/\/jedlicze.przemyska.pl\/index.php\/wp-json\/wp\/v2\/posts"}],"about":[{"href":"https:\/\/jedlicze.przemyska.pl\/index.php\/wp-json\/wp\/v2\/types\/post"}],"author":[{"embeddable":true,"href":"https:\/\/jedlicze.przemyska.pl\/index.php\/wp-json\/wp\/v2\/users\/2"}],"replies":[{"embeddable":true,"href":"https:\/\/jedlicze.przemyska.pl\/index.php\/wp-json\/wp\/v2\/comments?post=3848"}],"version-history":[{"count":3,"href":"https:\/\/jedlicze.przemyska.pl\/index.php\/wp-json\/wp\/v2\/posts\/3848\/revisions"}],"predecessor-version":[{"id":3853,"href":"https:\/\/jedlicze.przemyska.pl\/index.php\/wp-json\/wp\/v2\/posts\/3848\/revisions\/3853"}],"wp:attachment":[{"href":"https:\/\/jedlicze.przemyska.pl\/index.php\/wp-json\/wp\/v2\/media?parent=3848"}],"wp:term":[{"taxonomy":"category","embeddable":true,"href":"https:\/\/jedlicze.przemyska.pl\/index.php\/wp-json\/wp\/v2\/categories?post=3848"},{"taxonomy":"post_tag","embeddable":true,"href":"https:\/\/jedlicze.przemyska.pl\/index.php\/wp-json\/wp\/v2\/tags?post=3848"}],"curies":[{"name":"wp","href":"https:\/\/api.w.org\/{rel}","templated":true}]}}