{"id":3961,"date":"2026-01-10T19:00:03","date_gmt":"2026-01-10T18:00:03","guid":{"rendered":"https:\/\/jedlicze.przemyska.pl\/?p=3961"},"modified":"2026-01-11T08:39:30","modified_gmt":"2026-01-11T07:39:30","slug":"ogloszenia-duszpasterskie-swieto-chrztu-panskiego-11-stycznia","status":"publish","type":"post","link":"https:\/\/jedlicze.przemyska.pl\/index.php\/2026\/01\/10\/ogloszenia-duszpasterskie-swieto-chrztu-panskiego-11-stycznia\/","title":{"rendered":"Og\u0142oszenia duszpasterskie &#8211; \u015awi\u0119to Chrztu Pa\u0144skiego, 11 stycznia"},"content":{"rendered":"<p style=\"text-align: center;\"><b>Niedziela Chrztu Pa\u0144skiego, 11 stycznia 2026 r.<span class=\"Apple-converted-space\">&nbsp;<\/span><\/b><\/p>\n<p style=\"text-align: center;\">Og\u0142oszenia duszpasterskie<span class=\"Apple-converted-space\">&nbsp;<\/span><\/p>\n<ol>\n<li style=\"text-align: justify;\">Dzisiejsza niedziela ko\u0144czy okres Narodzenia Pa\u0144skiego. Kol\u0119dy mo\u017cemy jednak \u015bpiewa\u0107 do 2 lutego.<span class=\"Apple-converted-space\">&nbsp;<\/span><\/li>\n<li style=\"text-align: justify;\">Ze wzgl\u0119du na to, \u017ce w Trzech Kr\u00f3li zabrak\u0142o kredy i kadzid\u0142a dzi\u015b jest mo\u017cliwo\u015b\u0107 nabycia po\u015bwi\u0119conych zestaw\u00f3w. Wystawione s\u0105 pod ch\u00f3rem. <span class=\"Apple-converted-space\">&nbsp;<\/span><\/li>\n<li style=\"text-align: justify;\">Trwa wizyta duszpasterska. W tygodniu wizyta rozpoczyna si\u0119 o godz. <b>15:30<\/b>. W <b>poniedzia\u0142ek<\/b> (12.01.) ks. proboszcz i ks. Krzysztof blok przy ul. Rejtana 1 (ks. proboszcz pocz\u0105tkowe numery, a ks. Krzysztof od godz. 16:00 numery od ko\u0144ca) ks. \u0141ukasz blok przy ul. Tokarskich 8. We <b>wtorek<\/b> (13.01.) ks. proboszcz ul. Mickiewicza po obu stronach od ul. Brzozowej, ks. Krzysztof ul. G\u00f3rna Kolonia i ul. Mickiewicza od Potoku, ks. \u0141ukasz ul. Rejtana domy prywatne. W <b>\u015brod\u0119<\/b> (14.01.) ul. Armii Krajowej ks. proboszcz od Jaszczwi, ks. \u0141ukasz po prawej stronie od ul. Brzozowej, ks. Krzysztof po lewej stronie od ul. Brzozowej. W <b>czwartek<span class=\"Apple-converted-space\">&nbsp;<\/span><\/b> (15.01.) ul. Brzozowa ks. proboszcz od lasu przy Potoku w kierunku centrum po obu stronach, ks. \u0141ukasz po stronie ko\u015bcio\u0142a od krzy\u017c\u00f3wki, ks. Krzysztof od tor\u00f3w wzwy\u017c. Ks. \u0141ukasz porusza si\u0119 w\u0142asnym samochodem, natomiast dla pozosta\u0142ych kap\u0142an\u00f3w i ministrant\u00f3w prosimy o transport z pierwszego odwiedzanego domu. A po zako\u0144czeniu wizyty prosimy o odwiezienie kap\u0142ana. Ofiary kol\u0119dowe mo\u017cna sk\u0142ada\u0107 w podpisanych kopertach w ko\u015bciele.<\/li>\n<li style=\"text-align: justify;\">W dniach kol\u0119dy kancelaria jest czynna rano w godz. 8:00 &#8211; 8:30. W pilnych sytuacjach nale\u017cy dzwoni\u0107 na numer dy\u017curny.<span class=\"Apple-converted-space\">&nbsp;<\/span><\/li>\n<li style=\"text-align: justify;\">W pi\u0105tek i sobot\u0119 wieczorem o godz. 18:00 zapraszamy na Msze \u015bw. z kol\u0119d\u0105 i b\u0142ogos\u0142awie\u0144stwem dla mieszka\u0144c\u00f3w, kt\u00f3rych w tym roku nie odwiedzali\u015bmy. Na <b>pi\u0105tek<\/b> zapraszamy mieszka\u0144c\u00f3w <b>Chlebnej<\/b> i <b>Por\u0119b<\/b>, w <b>sobot\u0119<\/b> mieszka\u0144c\u00f3w <b>D\u0142ugiego <\/b>oraz <b>po\u0142udniowej<\/b><b><i> <\/i><\/b>i <b>wschodniej <\/b>cz\u0119\u015bci<b> Jedlicza<\/b>. Osoby, kt\u00f3re chc\u0105 zam\u00f3wi\u0107 osobn\u0105 wizyt\u0119 kol\u0119dow\u0105 proszone s\u0105 o zg\u0142oszenie w zakrystii.<span class=\"Apple-converted-space\">&nbsp;<\/span><\/li>\n<li style=\"text-align: justify;\">W przysz\u0142\u0105 niedziel\u0119 rozpoczyna si\u0119 Tydzie\u0144 Modlitw o Jedno\u015b\u0107 Chrze\u015bcijan. Sk\u0142adka na Fundusz Inwestycyjny Parafii.<span class=\"Apple-converted-space\">&nbsp;<\/span><\/li>\n<li style=\"text-align: justify;\">W przysz\u0142\u0105 niedziel\u0119 na Mszy \u015bw. o godz. 12:30 spotkanie dzieci przygotowuj\u0105cych si\u0119 do I Komunii \u015bw. wraz z rodzicami.<span class=\"Apple-converted-space\">&nbsp;<\/span><\/li>\n<li style=\"text-align: justify;\">Od przysz\u0142ej niedzieli przy wyj\u015bciu z ko\u015bcio\u0142a b\u0119dzie mo\u017cliwo\u015b\u0107 nabywania Ewangelii z rozwa\u017caniami na ka\u017cdy dzie\u0144.<span class=\"Apple-converted-space\">&nbsp;<\/span><\/li>\n<li style=\"text-align: justify;\">W kwietniu (po Niedzieli Mi\u0142osierdzia) planowana jest pielgrzymka parafialna do Francji. Zach\u0119camy zainteresowanych do przygotowania funduszy, a w najbli\u017cszym czasie b\u0119dziemy informowa\u0107 o szczeg\u00f3\u0142ach.<span class=\"Apple-converted-space\">&nbsp;<\/span><\/li>\n<li style=\"text-align: justify;\">Dost\u0119pna prasa katolicka. W <i>Niedzieli<\/i> mo\u017cna przeczyta\u0107 co daje nam chrzest,<span class=\"Apple-converted-space\">&nbsp; <\/span>czym kierowa\u0107 si\u0119 przy wyborze chrzestnych lub o rewolucji w fakturach. W <i>Go\u015bciu Niedzielnym<\/i> na temat dokument\u00f3w oddanych przez Niemc\u00f3w, kt\u00f3re wskazuj\u0105 jak w walce z Krzy\u017cakami kszta\u0142towa\u0142o si\u0119 miejsce Polski w \u015bredniowiecznej Europie, analiza stosunk\u00f3w Polak\u00f3w do Ukrai\u0144c\u00f3w 4 lata od wybuchu wojny, o cudzo\u0142\u00f3stwie i seksualnych relacjach<span class=\"Apple-converted-space\">&nbsp; <\/span>przedma\u0142\u017ce\u0144skich albo o zmaganiach z pokusami.<span class=\"Apple-converted-space\">&nbsp;<\/span><\/li>\n<li style=\"text-align: justify;\">W ostatnim czasie do wieczno\u015bci odszed\u0142: \u015bp. Alan JASICKI z ul. Towarowej ur. w 2004 r. (pogrzeb we wtorek). Polecajmy Zmar\u0142ego Mi\u0142osierdziu Bo\u017cemu <i>Wieczne odpoczywanie\u2026<\/i><\/li>\n<\/ol>\n","protected":false},"excerpt":{"rendered":"<p>Niedziela Chrztu Pa\u0144skiego, 11 stycznia 2026 r.&nbsp; Og\u0142oszenia duszpasterskie&nbsp; Dzisiejsza niedziela ko\u0144czy okres Narodzenia Pa\u0144skiego. Kol\u0119dy mo\u017cemy jednak \u015bpiewa\u0107 do 2 lutego.&nbsp; Ze wzgl\u0119du na to, \u017ce w Trzech Kr\u00f3li zabrak\u0142o kredy i kadzid\u0142a dzi\u015b jest mo\u017cliwo\u015b\u0107 nabycia po\u015bwi\u0119conych zestaw\u00f3w. Wystawione s\u0105 pod ch\u00f3rem. &nbsp; Trwa wizyta duszpasterska. W tygodniu wizyta rozpoczyna si\u0119 o godz. [&hellip;]<\/p>\n","protected":false},"author":2,"featured_media":0,"comment_status":"closed","ping_status":"open","sticky":false,"template":"","format":"standard","meta":{"ngg_post_thumbnail":0},"categories":[16,18,17],"tags":[],"_links":{"self":[{"href":"https:\/\/jedlicze.przemyska.pl\/index.php\/wp-json\/wp\/v2\/posts\/3961"}],"collection":[{"href":"https:\/\/jedlicze.przemyska.pl\/index.php\/wp-json\/wp\/v2\/posts"}],"about":[{"href":"https:\/\/jedlicze.przemyska.pl\/index.php\/wp-json\/wp\/v2\/types\/post"}],"author":[{"embeddable":true,"href":"https:\/\/jedlicze.przemyska.pl\/index.php\/wp-json\/wp\/v2\/users\/2"}],"replies":[{"embeddable":true,"href":"https:\/\/jedlicze.przemyska.pl\/index.php\/wp-json\/wp\/v2\/comments?post=3961"}],"version-history":[{"count":4,"href":"https:\/\/jedlicze.przemyska.pl\/index.php\/wp-json\/wp\/v2\/posts\/3961\/revisions"}],"predecessor-version":[{"id":3965,"href":"https:\/\/jedlicze.przemyska.pl\/index.php\/wp-json\/wp\/v2\/posts\/3961\/revisions\/3965"}],"wp:attachment":[{"href":"https:\/\/jedlicze.przemyska.pl\/index.php\/wp-json\/wp\/v2\/media?parent=3961"}],"wp:term":[{"taxonomy":"category","embeddable":true,"href":"https:\/\/jedlicze.przemyska.pl\/index.php\/wp-json\/wp\/v2\/categories?post=3961"},{"taxonomy":"post_tag","embeddable":true,"href":"https:\/\/jedlicze.przemyska.pl\/index.php\/wp-json\/wp\/v2\/tags?post=3961"}],"curies":[{"name":"wp","href":"https:\/\/api.w.org\/{rel}","templated":true}]}}