{"id":3969,"date":"2026-01-17T19:00:44","date_gmt":"2026-01-17T18:00:44","guid":{"rendered":"https:\/\/jedlicze.przemyska.pl\/?p=3969"},"modified":"2026-01-17T22:01:46","modified_gmt":"2026-01-17T21:01:46","slug":"ogloszenia-duszpasterskie-ii-niedziela-zwykla-18-stycznia","status":"publish","type":"post","link":"https:\/\/jedlicze.przemyska.pl\/index.php\/2026\/01\/17\/ogloszenia-duszpasterskie-ii-niedziela-zwykla-18-stycznia\/","title":{"rendered":"Og\u0142oszenia duszpasterskie &#8211; II Niedziela zwyk\u0142a, 18 stycznia"},"content":{"rendered":"<p style=\"text-align: center;\"><b>II Niedziela zwyk\u0142a, 18 stycznia 2026 r.<span class=\"Apple-converted-space\">&nbsp;<\/span><\/b><\/p>\n<p style=\"text-align: center;\">Og\u0142oszenia duszpasterskie<span class=\"Apple-converted-space\">&nbsp;<\/span><\/p>\n<ol>\n<li style=\"text-align: justify;\">Dzisiaj po Mszy \u015bw. o godz. 12:30 spotkanie dzieci przygotowuj\u0105cych si\u0119 do I Komunii \u015bw. wraz z rodzicami. Sk\u0142adka dzisiejsza przeznaczona jest na Fundusz Inwestycyjny Parafii. Z g\u00f3ry dzi\u0119kujemy za zrozumienie i ofiarno\u015b\u0107.<span class=\"Apple-converted-space\">&nbsp;<\/span><\/li>\n<li style=\"text-align: justify;\">Dzisiaj rozpoczyna si\u0119 Tydzie\u0144 Modlitw o Jedno\u015b\u0107 Chrze\u015bcijan. Ka\u017cdy kto w tym tygodniu wykona co\u015b na rzecz jedno\u015bci np. pomodli si\u0119 w tej intencji lub poczyta o ruchu ekumenicznym mo\u017ce zyska\u0107 odpust zupe\u0142ny pod zwyk\u0142ymi warunkami. Za tydzie\u0144 Niedziela S\u0142owa Bo\u017cego.<\/li>\n<li style=\"text-align: justify;\">Od dzisiaj przy wyj\u015bciu z ko\u015bcio\u0142a mo\u017cna nabywa\u0107 Ewangeli\u0119 z rozwa\u017caniami na ka\u017cdy dzie\u0144.<span class=\"Apple-converted-space\">&nbsp;<\/span><\/li>\n<li style=\"text-align: justify;\">Zako\u0144czy\u0142a si\u0119 wizyta duszpasterska. Dzi\u0119kujemy za \u017cyczliwe przyj\u0119cie i wsp\u00f3ln\u0105 modlitw\u0119 o b\u0142ogos\u0142awie\u0144stwo Bo\u017ce w rodzinach. B\u00f3g zap\u0142a\u0107 za ofiary kol\u0119dowe.<\/li>\n<li style=\"text-align: justify;\">Jutro w <b>poniedzia\u0142ek<\/b> o godz. <b>18:45<\/b> w sali teatralnej domu katechetycznego zostan\u0105 wystawione jase\u0142ka przez dzieci i m\u0142odzie\u017c z naszej parafii. Zapraszamy na spektakl przygotowany przez ks. \u0141ukasza.<span class=\"Apple-converted-space\">&nbsp;<\/span><\/li>\n<li style=\"text-align: justify;\">Spotkania formacyjne: <b>poniedzia\u0142ek<\/b> &#8211; Ko\u0142o Przyjaci\u00f3\u0142 Radia Maryja i Szkaplerz, <b>wtorek<\/b> &#8211; Grupa Biblijna, <b>\u015broda<\/b> &#8211; ministranci, <strong>czwartek&nbsp;<\/strong>&#8211; ch\u00f3r, kt\u00f3ry b\u0119dzie \u0107wiczy\u0142 nowy repertuar (zapraszamy szczeg\u00f3lnie m\u0119\u017cczyzn),&nbsp;<b>pi\u0105tek<\/b> &#8211; KSM, <b>sobota<\/b> &#8211; schola.<span class=\"Apple-converted-space\">&nbsp;<\/span><\/li>\n<li style=\"text-align: justify;\">We <b>wtorek<\/b> nowenna do \u015bw. Antoniego, w <b>\u015brod\u0119<\/b> do MB Nieustaj\u0105cej Pomocy, w <b>czwartek<\/b> wystawienie Naj\u015bwi\u0119tszego Sakramentu od godz. 17:00 o godz. 18 Msza \u015bw., w <b>pi\u0105tek<\/b> Koronka do Bo\u017cego Mi\u0142osierdzia.<span class=\"Apple-converted-space\">&nbsp;<\/span><\/li>\n<li style=\"text-align: justify;\">Od poniedzia\u0142ku jeden z obraz\u00f3w NSPJ, kt\u00f3ry wr\u00f3ci\u0142 z ul. Grunwaldzkiej do ko\u015bcio\u0142a rozpocznie peregrynacj\u0119 przy <b>ul. Tokarskich od tor\u00f3w<\/b> po stronie ko\u015bcio\u0142a, a nast\u0119pnie przejdzie do blok\u00f3w przy tej ulicy.<span class=\"Apple-converted-space\">&nbsp;<\/span><\/li>\n<li style=\"text-align: justify;\">W czwartek, 22 stycznia w godz. 16:00-17:00 w Domu Ludowym w D\u0142ugiem mo\u017cna wp\u0142aca\u0107 na budow\u0119 ko\u015bcio\u0142a filialnego.<span class=\"Apple-converted-space\">&nbsp;<\/span><\/li>\n<li style=\"text-align: justify;\">W kwietniu (po Niedzieli Mi\u0142osierdzia) planowana jest pielgrzymka parafialna do Francji. Zach\u0119camy zainteresowanych do przygotowanie funduszy, a w najbli\u017cszym czasie b\u0119dziemy informowa\u0107 o szczeg\u00f3\u0142ach.<span class=\"Apple-converted-space\">&nbsp;<\/span><\/li>\n<li style=\"text-align: justify;\">Dost\u0119pna prasa katolicka: Niedziela, Go\u015b\u0107 Niedzielny i Antoni. W <i>Niedzieli<\/i> na temat ekumenizmu, dlaczego rozwody s\u0105 z\u0142em i B\u00f3g ich nie chce, b\u0105d\u017a o tocz\u0105cej si\u0119 walce z krzy\u017cem i chrze\u015bcija\u0144stwem. W<i> Go\u015bciu Niedzielnym <\/i>o manipulacjach wsp\u00f3\u0142czesnymi konsumentami, o zmuszaniu chrze\u015bcijan do opuszczenia Ziemii \u015awi\u0119tej, refleksja o tzw. kol\u0119dzie, albo o lekcewa\u017ceniu uczy\u0107 os\u00f3b wierz\u0105cych.<span class=\"Apple-converted-space\">&nbsp;<\/span><\/li>\n<li style=\"text-align: justify;\">W ostatnim czasie do wieczno\u015bci odeszli: \u015bp. Andrzej SZYMBARA z ul. Podlas ur. w 1967 r., \u015bp. W\u0142adys\u0142aw KLATKA z ul. Kurkowskiego ur. w 1935 r. i \u015bp. Mieczys\u0142awa ZIOMEK z ul. Rejtana ur. w 1939 r. (potrzeb w poniedzia\u0142ek). Polecajmy Zmar\u0142ych Bo\u017cemu Mi\u0142osierdziu: <i>Wieczne odpoczywanie\u2026<\/i><\/li>\n<\/ol>\n","protected":false},"excerpt":{"rendered":"<p>II Niedziela zwyk\u0142a, 18 stycznia 2026 r.&nbsp; Og\u0142oszenia duszpasterskie&nbsp; Dzisiaj po Mszy \u015bw. o godz. 12:30 spotkanie dzieci przygotowuj\u0105cych si\u0119 do I Komunii \u015bw. wraz z rodzicami. Sk\u0142adka dzisiejsza przeznaczona jest na Fundusz Inwestycyjny Parafii. Z g\u00f3ry dzi\u0119kujemy za zrozumienie i ofiarno\u015b\u0107.&nbsp; Dzisiaj rozpoczyna si\u0119 Tydzie\u0144 Modlitw o Jedno\u015b\u0107 Chrze\u015bcijan. Ka\u017cdy kto w tym tygodniu [&hellip;]<\/p>\n","protected":false},"author":2,"featured_media":0,"comment_status":"closed","ping_status":"open","sticky":false,"template":"","format":"standard","meta":{"ngg_post_thumbnail":0},"categories":[16,18,17],"tags":[],"_links":{"self":[{"href":"https:\/\/jedlicze.przemyska.pl\/index.php\/wp-json\/wp\/v2\/posts\/3969"}],"collection":[{"href":"https:\/\/jedlicze.przemyska.pl\/index.php\/wp-json\/wp\/v2\/posts"}],"about":[{"href":"https:\/\/jedlicze.przemyska.pl\/index.php\/wp-json\/wp\/v2\/types\/post"}],"author":[{"embeddable":true,"href":"https:\/\/jedlicze.przemyska.pl\/index.php\/wp-json\/wp\/v2\/users\/2"}],"replies":[{"embeddable":true,"href":"https:\/\/jedlicze.przemyska.pl\/index.php\/wp-json\/wp\/v2\/comments?post=3969"}],"version-history":[{"count":3,"href":"https:\/\/jedlicze.przemyska.pl\/index.php\/wp-json\/wp\/v2\/posts\/3969\/revisions"}],"predecessor-version":[{"id":3972,"href":"https:\/\/jedlicze.przemyska.pl\/index.php\/wp-json\/wp\/v2\/posts\/3969\/revisions\/3972"}],"wp:attachment":[{"href":"https:\/\/jedlicze.przemyska.pl\/index.php\/wp-json\/wp\/v2\/media?parent=3969"}],"wp:term":[{"taxonomy":"category","embeddable":true,"href":"https:\/\/jedlicze.przemyska.pl\/index.php\/wp-json\/wp\/v2\/categories?post=3969"},{"taxonomy":"post_tag","embeddable":true,"href":"https:\/\/jedlicze.przemyska.pl\/index.php\/wp-json\/wp\/v2\/tags?post=3969"}],"curies":[{"name":"wp","href":"https:\/\/api.w.org\/{rel}","templated":true}]}}