{"id":4008,"date":"2026-03-07T19:00:00","date_gmt":"2026-03-07T18:00:00","guid":{"rendered":"https:\/\/jedlicze.przemyska.pl\/?p=4008"},"modified":"2026-03-06T16:13:48","modified_gmt":"2026-03-06T15:13:48","slug":"ogloszenia-duszpasterskie-iii-niedziela-wielkiego-postu-8-marca","status":"publish","type":"post","link":"https:\/\/jedlicze.przemyska.pl\/index.php\/2026\/03\/07\/ogloszenia-duszpasterskie-iii-niedziela-wielkiego-postu-8-marca\/","title":{"rendered":"Og\u0142oszenia duszpasterskie &#8211; III Niedziela Wielkiego Postu &#8211; 8 marca"},"content":{"rendered":"<p style=\"text-align: center;\"><b>III Niedziela Wielkiego Postu, 8 marca 2026 r.<\/b><\/p>\n<p style=\"text-align: center;\">Og\u0142oszenia duszpasterskie<span class=\"Apple-converted-space\">&nbsp;<\/span><\/p>\n<ol>\n<li>Dzisiaj zapraszamy jeszcze na <b>Gorzkie \u017bale<\/b> z kazaniem pasyjnym i adoracj\u0105 krzy\u017ca o godz. <b>17:00<\/b>. Dzisiaj krzy\u017c adoruj\u0105 <b>m\u0142odzie\u017c m\u0119ska<\/b> i ich gor\u0105co zapraszamy do modlitwy. Za tydzie\u0144 adoracja przez m\u0142odzie\u017c \u017ce\u0144sk\u0105. Sk\u0142adka w czasie Gorzkich \u017bali przeznaczona jest na dekoracj\u0119 \u015bwi\u0105teczn\u0105 i kwiaty do Bo\u017cego Grobu.<span class=\"Apple-converted-space\">&nbsp;<\/span><\/li>\n<li>We <b>wtorek<\/b> nowenna do \u015bw. Antoniego, w <b>\u015brod\u0119<\/b> nowenna do MB Nieustaj\u0105cej Pomocy, w <b>czwartek<\/b> wystawienie Naj\u015bwi\u0119tszego Sakramentu od godz. 17:00, a o 18:00 Msza \u015bw., w <b>pi\u0105tek<\/b> Droga Krzy\u017cowa o godz. <b>16:30<\/b> dla dzieci, o godz. <b>17:30<\/b> dla doros\u0142ych, o godz. <b>19:30 <\/b>dla m\u0142odzie\u017cy.<span class=\"Apple-converted-space\">&nbsp;<\/span><\/li>\n<li>We <b>wtorek<\/b> zapraszamy na kolejn\u0105 <b>katechez\u0119 dla doros\u0142ych<\/b> po Mszy \u015bw. wieczornej.<span class=\"Apple-converted-space\">&nbsp;<\/span><\/li>\n<li><b>Spotkania formacyjne<\/b>: w <b>poniedzia\u0142ek<\/b> &#8211; kandydaci do bierzmowania z klas VII, we <b>wtorek<\/b> o godz. 17:00 kandydaci na ministrant\u00f3w, a po Mszy kurs ceremoniarza i spotkanie grupy Caritas, w <b>\u015brod\u0119<\/b> zbi\u00f3rka ministrant\u00f3w, w <b>niedziel\u0119<\/b> o godz. 12:30 po\u015bwi\u0119cenie i rozdanie ksi\u0105\u017ceczek dzieciom przygotowuj\u0105cym si\u0119 do I Komunii \u015bw., a po Mszy spotkanie z rodzicami. W niedziel\u0119, ale po Gorzkich \u017balach \u015bwiadectwo Katarzyny Stasickiej o uzdrowieniu i do\u015bwiadczeniu Boga. W <b>pi\u0105tek<\/b> po Mszy wieczornej katecheza chrzcielna dla rodzic\u00f3w i chrzestnych planuj\u0105cych w najbli\u017cszym czasie chrzest dziecka.<span class=\"Apple-converted-space\">&nbsp;<\/span><\/li>\n<li>Za tydzie\u0144, w niedziel\u0119 sk\u0142adka na Fundusz Inwestycyjny Parafii.<span class=\"Apple-converted-space\">&nbsp;<\/span><\/li>\n<li>Ju\u017c dzi\u015b zapowiadamy rekolekcje szkolne w dniach 16 i 17 marca. Nauki planowane s\u0105 dla dzieci szk\u00f3\u0142 podstawowych i m\u0142odzie\u017cy szk\u00f3\u0142 \u015brednich. Prosimy rodzic\u00f3w o zainteresowanie udzia\u0142em swoich dzieci w rekolekcjach.<span class=\"Apple-converted-space\">&nbsp;<\/span><\/li>\n<li>W zakrystii s\u0105 ju\u017c albumy z ko\u015bcio\u0142ami naszej diecezji. Osoby, kt\u00f3re wpisa\u0142y si\u0119 na list\u0119 zapraszamy do odbioru. Przypominamy cena 250 z\u0142.<span class=\"Apple-converted-space\">&nbsp;<\/span><\/li>\n<li>W dniach 13 &#8211; 30 marca w lokalnych sklepach b\u0119d\u0105 wystawione kosze z logo Caritas, do kt\u00f3rych mo\u017cna sk\u0142ada\u0107 produkty dla najbardziej potrzebuj\u0105cych parafian jako pomoc \u015bwi\u0105teczna. Zach\u0119camy do w\u0142\u0105czenia si\u0119 w t\u0119 akcj\u0119 charytatywn\u0105.<span class=\"Apple-converted-space\">&nbsp;<\/span><\/li>\n<li>Do nabycia prasa katolicka Niedziela, Go\u015b\u0107 Niedzielny, Historia Ko\u015bcio\u0142a i parafialna gazetka ANTONI. W <i>Niedzieli <\/i>tematem numeru jest kobieta i jej znaczenie dla spo\u0142ecze\u0144stwa, albo jak w Dekalogu odkry\u0107 Bo\u017c\u0105 m\u0105dro\u015b\u0107 i mi\u0142o\u015b\u0107. W <i>Go\u015bciu Niedzielnym <\/i>o zaletach cz\u0119stej spowiedzi, historia rodzic\u00f3w, kt\u00f3rzy po tragicznej \u015bmierci syna s\u0105 pe\u0142ni pokoju, na temat polityki rz\u0105du dotycz\u0105cej szpitali. W <i>Historii Ko\u015bcio\u0142a<\/i> o Templariuszach, o chrzcie Polski wg komunist\u00f3w lub o \u015bw. Maksymilianie Kolbe.<\/li>\n<li>W ostatnim tygodniu do wieczno\u015bci odszed\u0142: \u015bp. Fryderyk WITASZEK z ul. S\u0142owackiego, ur. 1932 r. Polecajmy Zmar\u0142ego Bo\u017cemu Mi\u0142osierdziu: <i>Wieczne odpoczywanie\u2026<\/i><\/li>\n<\/ol>\n","protected":false},"excerpt":{"rendered":"<p>III Niedziela Wielkiego Postu, 8 marca 2026 r. Og\u0142oszenia duszpasterskie&nbsp; Dzisiaj zapraszamy jeszcze na Gorzkie \u017bale z kazaniem pasyjnym i adoracj\u0105 krzy\u017ca o godz. 17:00. Dzisiaj krzy\u017c adoruj\u0105 m\u0142odzie\u017c m\u0119ska i ich gor\u0105co zapraszamy do modlitwy. Za tydzie\u0144 adoracja przez m\u0142odzie\u017c \u017ce\u0144sk\u0105. Sk\u0142adka w czasie Gorzkich \u017bali przeznaczona jest na dekoracj\u0119 \u015bwi\u0105teczn\u0105 i kwiaty do [&hellip;]<\/p>\n","protected":false},"author":2,"featured_media":0,"comment_status":"closed","ping_status":"open","sticky":false,"template":"","format":"standard","meta":{"ngg_post_thumbnail":0},"categories":[16,18,17],"tags":[],"_links":{"self":[{"href":"https:\/\/jedlicze.przemyska.pl\/index.php\/wp-json\/wp\/v2\/posts\/4008"}],"collection":[{"href":"https:\/\/jedlicze.przemyska.pl\/index.php\/wp-json\/wp\/v2\/posts"}],"about":[{"href":"https:\/\/jedlicze.przemyska.pl\/index.php\/wp-json\/wp\/v2\/types\/post"}],"author":[{"embeddable":true,"href":"https:\/\/jedlicze.przemyska.pl\/index.php\/wp-json\/wp\/v2\/users\/2"}],"replies":[{"embeddable":true,"href":"https:\/\/jedlicze.przemyska.pl\/index.php\/wp-json\/wp\/v2\/comments?post=4008"}],"version-history":[{"count":1,"href":"https:\/\/jedlicze.przemyska.pl\/index.php\/wp-json\/wp\/v2\/posts\/4008\/revisions"}],"predecessor-version":[{"id":4009,"href":"https:\/\/jedlicze.przemyska.pl\/index.php\/wp-json\/wp\/v2\/posts\/4008\/revisions\/4009"}],"wp:attachment":[{"href":"https:\/\/jedlicze.przemyska.pl\/index.php\/wp-json\/wp\/v2\/media?parent=4008"}],"wp:term":[{"taxonomy":"category","embeddable":true,"href":"https:\/\/jedlicze.przemyska.pl\/index.php\/wp-json\/wp\/v2\/categories?post=4008"},{"taxonomy":"post_tag","embeddable":true,"href":"https:\/\/jedlicze.przemyska.pl\/index.php\/wp-json\/wp\/v2\/tags?post=4008"}],"curies":[{"name":"wp","href":"https:\/\/api.w.org\/{rel}","templated":true}]}}