{"id":4042,"date":"2026-04-25T19:00:59","date_gmt":"2026-04-25T17:00:59","guid":{"rendered":"https:\/\/jedlicze.przemyska.pl\/?p=4042"},"modified":"2026-04-26T20:04:44","modified_gmt":"2026-04-26T18:04:44","slug":"ogloszenia-duszpasterskie-iv-niedziela-wielkanocna-26-kwietnia","status":"publish","type":"post","link":"https:\/\/jedlicze.przemyska.pl\/index.php\/2026\/04\/25\/ogloszenia-duszpasterskie-iv-niedziela-wielkanocna-26-kwietnia\/","title":{"rendered":"Og\u0142oszenia duszpasterskie &#8211; IV Niedziela Wielkanocna, 26 kwietnia"},"content":{"rendered":"<p style=\"text-align: center;\"><b>IV Niedziela Wielkanocna, 26 kwietnia 2026 r.<\/b><\/p>\n<p style=\"text-align: center;\"><b>Og\u0142oszenia duszpasterskie<span class=\"Apple-converted-space\">&nbsp;<\/span><\/b><b><\/b><\/p>\n<ol>\n<li style=\"text-align: justify;\">Dzisiaj niedziela Dobrego Pasterza, rozpoczynaj\u0105ca Tydzie\u0144 Modlitw o powo\u0142ania. <span class=\"Apple-converted-space\">&nbsp;<\/span><\/li>\n<li style=\"text-align: justify;\"><b>Spotkania formacyjne<\/b>: w <b>poniedzia\u0142ek<\/b> Akcja Katolicka, we <b>wtorek<\/b> o godz. 16:30 kandydaci na ministrant\u00f3w, a po Mszy wieczornej Grupa Biblijna, w <b>\u015brod\u0119<\/b> ministranci, w <b>pi\u0105tek<\/b> KSM. W tym tygodniu w <b>poniedzia\u0142ek<\/b> i <b>czwartek<\/b> po Mszy wieczornej <b>pr\u00f3ba<\/b> dla dzieci <b>przed I Komuni\u0105 \u015bw<\/b>. <span class=\"Apple-converted-space\">&nbsp;<\/span><\/li>\n<li style=\"text-align: justify;\">We <b>wtorek<\/b> nowenna do \u015bw. Antoniego, w <b>\u015brod\u0119<\/b> do MB Nieustaj\u0105cej Pomocy, w <b>czwartek<\/b> wystawienie Naj\u015bwi\u0119tszego Sakramentu od godz. 17:00, a o godz. 18:00 Msza \u015bw.<\/li>\n<li style=\"text-align: justify;\">W tym tygodniu wypada pierwszy czwartek, pi\u0105tek i sobota miesi\u0105ca.<span class=\"Apple-converted-space\">&nbsp;<\/span><\/li>\n<li style=\"text-align: justify;\">W <b>pi\u0105tek<\/b> mo\u017cliwo\u015b\u0107 spowiedzi w godz. <b>6:00 \u2013 7:00<\/b> i <b>16:30 \u2013 18:00<\/b>. Zach\u0119camy do korzystania ze spowiedzi ju\u017c w czwartek podczas adoracji od godz. 17:00. Natomiast w pi\u0105tek prosimy nie przychodzi\u0107 do spowiedzi na ostatni\u0105 chwil\u0119, tu\u017c przed Msz\u0105 \u015bw. W <b>pi\u0105tek<\/b> od godz. <b>8:00<\/b> ks. \u0141ukasz b\u0119dzie odwiedza\u0142 <b>chorych<\/b> z pos\u0142ug\u0105 sakramentaln\u0105.<span class=\"Apple-converted-space\">&nbsp;<\/span><\/li>\n<li style=\"text-align: justify;\">We wtorek 28 kwietnia mo\u017cna wp\u0142aca\u0107 na budow\u0119 ko\u015bcio\u0142a filialnego. Wp\u0142aty w godz. 16:00-17:00 pod adresem D\u0142ugie 140A.<\/li>\n<li style=\"text-align: justify;\">W pi\u0105tek rozpoczynamy nabo\u017ce\u0144stwa majowe. W tygodniu <b>maj\u00f3wka<\/b> jest <b>po Mszy \u015bw. wieczornej<\/b>. W niedziel\u0119 o godz. <b>17:30<\/b>.<span class=\"Apple-converted-space\">&nbsp;<\/span><\/li>\n<li style=\"text-align: justify;\">Na pi\u0105tek <b>1 maja<\/b>, ks. arcybiskup udzieli\u0142 <b>dyspensy<\/b> od wstrzemi\u0119\u017aliwo\u015bci od pokarm\u00f3w mi\u0119snych, jednak zobowi\u0105za\u0142 osoby korzystaj\u0105ce z dyspensy do ja\u0142mu\u017cny na misje, b\u0105d\u017a Caritas.<\/li>\n<li style=\"text-align: justify;\">W <b>sobot\u0119<\/b> wypada przeniesiona liturgicznie uroczysto\u015b\u0107 NMP Kr\u00f3lowej Polski. Msze \u015bw. o godz. <b>6:30; 7:00; 9:00, 11:00 i 18:00.<\/b> Jest to pierwsza sobota miesi\u0105ca wi\u0119c wieczorna Msza \u015bw. po\u0142\u0105czona b\u0119dzie z nabo\u017ce\u0144stwem fatimskim. Zapraszamy czcicieli MB r\u00f3\u017ca\u0144cowej na wieczorne nabo\u017ce\u0144stwo.<span class=\"Apple-converted-space\">&nbsp;<\/span><\/li>\n<li style=\"text-align: justify;\">W <b>niedziel\u0119,<\/b> <b>3 maja<\/b> na Mszy \u015bw. o <b>godz. 12:30<\/b> modli\u0107 si\u0119 b\u0119dziemy <b>w intencji Ojczyzny<\/b>, a po Mszy z\u0142o\u017cenie kwiat\u00f3w przy tablicy upami\u0119tniaj\u0105cej Konstytucj\u0119 3 Maja. W niedziel\u0119 zmiana tajemnic r\u00f3\u017ca\u0144cowych, a sk\u0142adka na potrzeby archidiecezji.<\/li>\n<li style=\"text-align: justify;\">Przypominamy o obowi\u0105zku przyj\u0119cia Komunii \u015bwi\u0119tej w okresie Wielkanocnym.<span class=\"Apple-converted-space\">&nbsp;<\/span><\/li>\n<li style=\"text-align: justify;\">21 czerwca planowany jest Piknik Parafialny. Prosimy o przynoszenie do zakrystii nowych rzeczy na fanty do losowania w czasie pikniku. W <b>\u015brod\u0119, 6 maja<\/b> w sali teatralnej po Mszy \u015bw. wieczornej b\u0119dzie <b>spotkanie<\/b> organizacyjne Pikniku Parafialnego. Zapraszamy osoby gotowe do przygotowania tego wydarzenia.&nbsp;<\/li>\n<li style=\"text-align: justify;\">Do nabycia prasa katolicka: <i>Go\u015b\u0107 Niedzielny, Ma\u0142y Go\u015b\u0107 Niedzielny i Niedziela<\/i> oraz gazetka ANTONI. W <i>Go\u015bciu Niedzielnym <\/i>o kobiecie u\u0142askawionej przez prezydenta, kt\u00f3rej grozi\u0142o wi\u0119zienie za ostrzeganie przed aborcjonist\u0105, dlaczego ksi\u0105dz musi by\u0107 odwa\u017cny oraz o \u015bp. Jacku Magierze. W <i>Ma\u0142ym Go\u015bciu<\/i> jak \u017cy\u0107 bez smartfona albo o biegu po szcz\u0119\u015bcie. W <i>Niedzieli<\/i> na temat<span class=\"Apple-converted-space\">&nbsp;<\/span><\/li>\n<li style=\"text-align: justify;\">W ostanim czasie do wieczno\u015bci odesz\u0142y: \u015bp. Maria SOBO\u0143 z Chlebnej ur. w 1941 r. (pogrzeb w poniedzia\u0142ek) i \u015bp. Justyna ULIASZ z ul. \u0141ukasiewicza ur. w 1979 r. (pogrzeb we wtorek). Polecajmy Zmar\u0142e Bo\u017cemu Mi\u0142osierdziu <i>Wieczne odpoczywanie\u2026<\/i><\/li>\n<\/ol>\n","protected":false},"excerpt":{"rendered":"<p>IV Niedziela Wielkanocna, 26 kwietnia 2026 r. Og\u0142oszenia duszpasterskie&nbsp; Dzisiaj niedziela Dobrego Pasterza, rozpoczynaj\u0105ca Tydzie\u0144 Modlitw o powo\u0142ania. &nbsp; Spotkania formacyjne: w poniedzia\u0142ek Akcja Katolicka, we wtorek o godz. 16:30 kandydaci na ministrant\u00f3w, a po Mszy wieczornej Grupa Biblijna, w \u015brod\u0119 ministranci, w pi\u0105tek KSM. W tym tygodniu w poniedzia\u0142ek i czwartek po Mszy wieczornej [&hellip;]<\/p>\n","protected":false},"author":2,"featured_media":0,"comment_status":"closed","ping_status":"open","sticky":false,"template":"","format":"standard","meta":{"ngg_post_thumbnail":0},"categories":[16,18,17],"tags":[],"_links":{"self":[{"href":"https:\/\/jedlicze.przemyska.pl\/index.php\/wp-json\/wp\/v2\/posts\/4042"}],"collection":[{"href":"https:\/\/jedlicze.przemyska.pl\/index.php\/wp-json\/wp\/v2\/posts"}],"about":[{"href":"https:\/\/jedlicze.przemyska.pl\/index.php\/wp-json\/wp\/v2\/types\/post"}],"author":[{"embeddable":true,"href":"https:\/\/jedlicze.przemyska.pl\/index.php\/wp-json\/wp\/v2\/users\/2"}],"replies":[{"embeddable":true,"href":"https:\/\/jedlicze.przemyska.pl\/index.php\/wp-json\/wp\/v2\/comments?post=4042"}],"version-history":[{"count":3,"href":"https:\/\/jedlicze.przemyska.pl\/index.php\/wp-json\/wp\/v2\/posts\/4042\/revisions"}],"predecessor-version":[{"id":4046,"href":"https:\/\/jedlicze.przemyska.pl\/index.php\/wp-json\/wp\/v2\/posts\/4042\/revisions\/4046"}],"wp:attachment":[{"href":"https:\/\/jedlicze.przemyska.pl\/index.php\/wp-json\/wp\/v2\/media?parent=4042"}],"wp:term":[{"taxonomy":"category","embeddable":true,"href":"https:\/\/jedlicze.przemyska.pl\/index.php\/wp-json\/wp\/v2\/categories?post=4042"},{"taxonomy":"post_tag","embeddable":true,"href":"https:\/\/jedlicze.przemyska.pl\/index.php\/wp-json\/wp\/v2\/tags?post=4042"}],"curies":[{"name":"wp","href":"https:\/\/api.w.org\/{rel}","templated":true}]}}