{"id":4323,"date":"2026-09-05T19:00:01","date_gmt":"2026-09-05T17:00:01","guid":{"rendered":"https:\/\/jedlicze.przemyska.pl\/?p=4323"},"modified":"2026-09-04T13:48:54","modified_gmt":"2026-09-04T11:48:54","slug":"ogloszenia-duszpasterskie-xxiii-niedziela-zwykla-6-wrzesnia","status":"publish","type":"post","link":"https:\/\/jedlicze.przemyska.pl\/index.php\/2026\/09\/05\/ogloszenia-duszpasterskie-xxiii-niedziela-zwykla-6-wrzesnia\/","title":{"rendered":"Og\u0142oszenia duszpasterskie &#8211; XXIII Niedziela zwyk\u0142a, 6 wrze\u015bnia"},"content":{"rendered":"<p style=\"text-align: center;\"><b>XXIII Niedziela zwyk\u0142a<\/b><b>, 6 wrze\u015bnia 2026 r.<\/b><\/p>\n<p style=\"text-align: center;\"><b>Og\u0142oszenia duszpasterskie<span class=\"Apple-converted-space\">&nbsp;<\/span><\/b><\/p>\n<ol>\n<li style=\"text-align: justify;\">Dzi\u015b niedziela adoracyjna. Za moment wystawienie Naj\u015bwi\u0119tszego Sakramentu i kr\u00f3tka modlitwa. Dzi\u015b tak\u017ce zmiana tajemnic r\u00f3\u017ca\u0144cowych.<span class=\"Apple-converted-space\"> Sk\u0142adka na WSD w Przemy\u015blu.&nbsp;<\/span><\/li>\n<li style=\"text-align: justify;\">Od dzisiejszej niedzieli wraca Msza \u015bw. o godz. <b>12:30<\/b>, po kt\u00f3rej b\u0142ogos\u0142awimy dzieci (z wyj\u0105tkiem pierwszych niedziel miesi\u0105ca).<\/li>\n<li style=\"text-align: justify;\"><b>Jutro<\/b> w naszej parafii jest ca\u0142odzienna <b>adoracja Naj\u015bwi\u0119tszego S<\/b><b>akramentu<\/b> (od godz. 7:30 do 18:00). Zapraszamy na osobist\u0105 modlitw\u0119, szczeg\u00f3lnie na wynagradzanie za opuszczane Msze \u015bw. niedzielne i \u015bwi\u0105teczne. Dy\u017cury poszczeg\u00f3lnych grup wypisane s\u0105 w gazetce ANTONI i na tablicy og\u0142osze\u0144. Jednak ze wzgl\u0119du na jutrzejszy pogrzeb prosimy siostry z R\u00f3\u017c MB Salety\u0144skiej i Tarnowieckiej o przyj\u015bcie na adoracj\u0119 o godz. <b>12:00<\/b>. Natomiast R\u00f3\u017ce \u015bw. Jana z Dukli i s\u0142. Bo\u017cej Anny Jenke rozpoczn\u0105 modlitw\u0119 o <b>14:15<\/b>.<span class=\"Apple-converted-space\">&nbsp;<\/span><\/li>\n<li style=\"text-align: justify;\">W poniedzia\u0142ek po Mszy \u015bw. wieczornej b\u0119dzie spotkanie kandydat\u00f3w na ministrant\u00f3w.<\/li>\n<li style=\"text-align: justify;\">We <b>wtorek<\/b> nowenna do \u015bw. Antoniego, w <b>\u015brod\u0119<\/b> do MB Nieustaj\u0105cej Pomocy, w <b>czwartek<\/b> wystawienie Naj\u015bwi\u0119tszego Sakramentu od godz. 17:00, a o 18:00 Msza \u015bw.; w <b>pi\u0105tek<\/b> Koronka do Bo\u017cego Mi\u0142osierdzia.<span class=\"Apple-converted-space\">&nbsp;<\/span><\/li>\n<li style=\"text-align: justify;\">W <b>pi\u0105tek<\/b> po Mszy \u015bw. wieczornej w ko\u015bciele <b>katecheza chrzcielna<\/b>, na kt\u00f3r\u0105 zapraszamy rodzic\u00f3w i chrzestnych planuj\u0105cych w najbli\u017cszym czasie chrzest.<span class=\"Apple-converted-space\">&nbsp;<\/span><\/li>\n<li style=\"text-align: justify;\">Za tydzie\u0144 w niedziel\u0119 pielgrzymka do sanktuarium MB Tarnowieckiej. Pielgrzymi do\u0142\u0105cz\u0105 do grupy z Krosna. Wyj\u015bcie sprzed ko\u015bcio\u0142a o godz. <b>8:30<\/b>.<\/li>\n<li style=\"text-align: justify;\">Za tydzie\u0144 w <b>niedziel\u0119, <\/b>13 wrze\u015bnia na Msz\u0119 \u015bw. o godz. <b>12:30<\/b> zapraszamy rodzic\u00f3w i dzieci, kt\u00f3re b\u0119d\u0105 przygotowywa\u0107 si\u0119 <b>do I Komunii \u015bw<\/b>.<span class=\"Apple-converted-space\">&nbsp;<\/span><\/li>\n<li style=\"text-align: justify;\">Apelujemy do odpowiedzialnych katolickich rodzic\u00f3w, aby wycofa\u0142y swoje dzieci z nieobowi\u0105zkowej cz\u0119\u015bci przedmiotu edukacji zdrowotnej dot. wychowania seksualnego, kt\u00f3re jest niezgodne z chrze\u015bcija\u0144sk\u0105 antropologi\u0105 i hierarchi\u0105 warto\u015bci. Mo\u017cna to uczyni\u0107 na ka\u017cdym etapie nauczania, ale zasadne jest z\u0142o\u017cenie stosownego o\u015bwiadczenia na pocz\u0105tku roku szkolnego.<span class=\"Apple-converted-space\">&nbsp;<\/span><\/li>\n<li style=\"text-align: justify;\">Schola przygotowuje wyjazd na gr\u00f3b Heleny Kmie\u0107. Jest jeszcze kilka wolnych miejsc. Wi\u0119cej informacji na plakacie w gablocie og\u0142osze\u0144.<span class=\"Apple-converted-space\">&nbsp;<\/span><\/li>\n<li style=\"text-align: justify;\">Dost\u0119pna jest ksi\u0105\u017cka po\u015bwi\u0119cona naszej parafii. Zapraszamy do zakrystii osoby, kt\u00f3re udost\u0119pni\u0142y zdj\u0119cia ze swoich rodzinnych archiw\u00f3w. Dzi\u0119kujemy za wsp\u00f3\u0142prac\u0119 i prosimy odebra\u0107 fotografie.<span class=\"Apple-converted-space\">&nbsp;<\/span><\/li>\n<li style=\"text-align: justify;\">Burmistrz Gminy Jedlicze informuje o planowanych \u0107wiczeniach zgrywaj\u0105cych s\u0142u\u017cb ratunkowych w <b>\u015brod\u0119<\/b> 16 wrze\u015bnia. W zwi\u0105zku z tym m.in. nieczynne b\u0119dzie targowisko miejskie oraz wy\u0142\u0105czona z u\u017cytku cz\u0119\u015b\u0107 parkingu przy ko\u015bciele.<span class=\"Apple-converted-space\">&nbsp;<\/span><\/li>\n<li style=\"text-align: justify;\">Do nabycia prasa katolicka: <i>Go\u015b\u0107 Niedzielny, Ma\u0142y Go\u015b\u0107 Niedzielny, Historia Ko\u015bcio\u0142a, Niedziela<\/i> oraz ANTONI. <i>Niedziela<\/i> po\u015bwi\u0119cona praktyce pierwszych pi\u0105tk\u00f3w albo o przygotowaniach do papieskiej pielgrzymki do Francji. W <i>Go\u015bciu Niedzielnym <\/i>o<span class=\"Apple-converted-space\">&nbsp; <\/span>k\u0142amliwej walce minister edukacji z religi\u0105, pytanie o to czy rodzice jeszcze maj\u0105 wp\u0142yw na wychowanie i nauczanie swoich dzieci, albo o filmie \u201eMisytczka\u201d; w <i>Ma\u0142ym Go\u015bciu<\/i> wizerunek MB Piekarskiej, o wymowie znak\u00f3w w czasie Mszy \u015bw. lub o grupach dla najm\u0142odszych; w <i>Historii Ko\u015bcio\u0142a <\/i>sprawa Galileusza, albo jaka jest r\u00f3\u017cnica mi\u0119dzy herezj\u0105 a schizm\u0105; Od dzisiaj tygodnik Go\u015b\u0107 Niedzielny jest w cenie 12 z\u0142, a Historia Ko\u015bcio\u0142a i Go\u015b\u0107 Ekstra po 16 z\u0142. <span class=\"Apple-converted-space\">&nbsp;<\/span><\/li>\n<li style=\"text-align: justify;\">W ostatnim czasie do wieczno\u015bci odeszli: \u015bp. Wies\u0142awa MARSZA\u0141EK z ul. Tokarskich ur. w 1949 r. (pogrzeb w poniedzia\u0142ek), \u015bp. Zdzis\u0142aw WOJTYSIAK z ul. Ogrodowej ur. w 1963 r i \u015bp. Robert STEC z Chlebnej ur. w 1968 r. (oba te pogrzeby we wtorek). Polecajmy Zmar\u0142ych Bo\u017cemu Mi\u0142osierdziu <i>Wieczne odpoczywanie\u2026<\/i><\/li>\n<\/ol>\n","protected":false},"excerpt":{"rendered":"<p>XXIII Niedziela zwyk\u0142a, 6 wrze\u015bnia 2026 r. Og\u0142oszenia duszpasterskie&nbsp; Dzi\u015b niedziela adoracyjna. Za moment wystawienie Naj\u015bwi\u0119tszego Sakramentu i kr\u00f3tka modlitwa. Dzi\u015b tak\u017ce zmiana tajemnic r\u00f3\u017ca\u0144cowych. Sk\u0142adka na WSD w Przemy\u015blu.&nbsp; Od dzisiejszej niedzieli wraca Msza \u015bw. o godz. 12:30, po kt\u00f3rej b\u0142ogos\u0142awimy dzieci (z wyj\u0105tkiem pierwszych niedziel miesi\u0105ca). Jutro w naszej parafii jest ca\u0142odzienna adoracja [&hellip;]<\/p>\n","protected":false},"author":2,"featured_media":0,"comment_status":"closed","ping_status":"open","sticky":false,"template":"","format":"standard","meta":{"ngg_post_thumbnail":0},"categories":[16,18,17],"tags":[],"_links":{"self":[{"href":"https:\/\/jedlicze.przemyska.pl\/index.php\/wp-json\/wp\/v2\/posts\/4323"}],"collection":[{"href":"https:\/\/jedlicze.przemyska.pl\/index.php\/wp-json\/wp\/v2\/posts"}],"about":[{"href":"https:\/\/jedlicze.przemyska.pl\/index.php\/wp-json\/wp\/v2\/types\/post"}],"author":[{"embeddable":true,"href":"https:\/\/jedlicze.przemyska.pl\/index.php\/wp-json\/wp\/v2\/users\/2"}],"replies":[{"embeddable":true,"href":"https:\/\/jedlicze.przemyska.pl\/index.php\/wp-json\/wp\/v2\/comments?post=4323"}],"version-history":[{"count":3,"href":"https:\/\/jedlicze.przemyska.pl\/index.php\/wp-json\/wp\/v2\/posts\/4323\/revisions"}],"predecessor-version":[{"id":4326,"href":"https:\/\/jedlicze.przemyska.pl\/index.php\/wp-json\/wp\/v2\/posts\/4323\/revisions\/4326"}],"wp:attachment":[{"href":"https:\/\/jedlicze.przemyska.pl\/index.php\/wp-json\/wp\/v2\/media?parent=4323"}],"wp:term":[{"taxonomy":"category","embeddable":true,"href":"https:\/\/jedlicze.przemyska.pl\/index.php\/wp-json\/wp\/v2\/categories?post=4323"},{"taxonomy":"post_tag","embeddable":true,"href":"https:\/\/jedlicze.przemyska.pl\/index.php\/wp-json\/wp\/v2\/tags?post=4323"}],"curies":[{"name":"wp","href":"https:\/\/api.w.org\/{rel}","templated":true}]}}