{"id":626,"date":"2020-09-01T21:27:39","date_gmt":"2020-09-01T19:27:39","guid":{"rendered":"https:\/\/jedlicze.przemyska.pl\/?p=626"},"modified":"2020-09-01T21:48:53","modified_gmt":"2020-09-01T19:48:53","slug":"otk-2020","status":"publish","type":"post","link":"https:\/\/jedlicze.przemyska.pl\/index.php\/2020\/09\/01\/otk-2020\/","title":{"rendered":"OTK 2020"},"content":{"rendered":"<p>6 stycznia 2020 r. obchodzone jest \u015awi\u0119to Objawienia Pa\u0144skiego. Ulicami Jedlicza, przeszed\u0142 Orszak Trzech Kr\u00f3li.<br \/>\nPodobne orszaki przesz\u0142y ulicami kraju i za granic\u0105. Orszak poprzedzi\u0142a msza \u015bwi\u0119ta w ko\u015bciele parafialnym pw. \u015bw. Antoniego w Jedliczu.<br \/>\n<!--more--><br \/>\nNa czele orszaku sz\u0142a Gwiazda Betlejemska. Nie mog\u0142o zabrakn\u0105\u0107 \u015awi\u0119tej Rodziny oraz trzech m\u0119drc\u00f3w, inaczej trzech kr\u00f3li: Kacpra, Melchiora i Baltazara, kt\u00f3rzy symbolizuj\u0105 trzy kontynenty \u2013 Europ\u0119, Azj\u0119 i Afryk\u0119.<\/p>\n<p><iframe src=\"https:\/\/www.youtube.com\/embed\/S7buZBB8RB0\" width=\"560\" height=\"315\" frameborder=\"0\" allowfullscreen=\"allowfullscreen\"><\/iframe><\/p>\n","protected":false},"excerpt":{"rendered":"<p>6 stycznia 2020 r. obchodzone jest \u015awi\u0119to Objawienia Pa\u0144skiego. Ulicami Jedlicza, przeszed\u0142 Orszak Trzech Kr\u00f3li. Podobne orszaki przesz\u0142y ulicami kraju i za granic\u0105. Orszak poprzedzi\u0142a msza \u015bwi\u0119ta w ko\u015bciele parafialnym pw. \u015bw. Antoniego w Jedliczu.<\/p>\n","protected":false},"author":1,"featured_media":647,"comment_status":"closed","ping_status":"open","sticky":false,"template":"","format":"standard","meta":{"ngg_post_thumbnail":0},"categories":[16,18],"tags":[],"_links":{"self":[{"href":"https:\/\/jedlicze.przemyska.pl\/index.php\/wp-json\/wp\/v2\/posts\/626"}],"collection":[{"href":"https:\/\/jedlicze.przemyska.pl\/index.php\/wp-json\/wp\/v2\/posts"}],"about":[{"href":"https:\/\/jedlicze.przemyska.pl\/index.php\/wp-json\/wp\/v2\/types\/post"}],"author":[{"embeddable":true,"href":"https:\/\/jedlicze.przemyska.pl\/index.php\/wp-json\/wp\/v2\/users\/1"}],"replies":[{"embeddable":true,"href":"https:\/\/jedlicze.przemyska.pl\/index.php\/wp-json\/wp\/v2\/comments?post=626"}],"version-history":[{"count":3,"href":"https:\/\/jedlicze.przemyska.pl\/index.php\/wp-json\/wp\/v2\/posts\/626\/revisions"}],"predecessor-version":[{"id":632,"href":"https:\/\/jedlicze.przemyska.pl\/index.php\/wp-json\/wp\/v2\/posts\/626\/revisions\/632"}],"wp:featuredmedia":[{"embeddable":true,"href":"https:\/\/jedlicze.przemyska.pl\/index.php\/wp-json\/wp\/v2\/media\/647"}],"wp:attachment":[{"href":"https:\/\/jedlicze.przemyska.pl\/index.php\/wp-json\/wp\/v2\/media?parent=626"}],"wp:term":[{"taxonomy":"category","embeddable":true,"href":"https:\/\/jedlicze.przemyska.pl\/index.php\/wp-json\/wp\/v2\/categories?post=626"},{"taxonomy":"post_tag","embeddable":true,"href":"https:\/\/jedlicze.przemyska.pl\/index.php\/wp-json\/wp\/v2\/tags?post=626"}],"curies":[{"name":"wp","href":"https:\/\/api.w.org\/{rel}","templated":true}]}}