{"id":633,"date":"2020-09-01T21:35:23","date_gmt":"2020-09-01T19:35:23","guid":{"rendered":"https:\/\/jedlicze.przemyska.pl\/?p=633"},"modified":"2020-09-01T21:49:48","modified_gmt":"2020-09-01T19:49:48","slug":"pejzaz-ze-swietym","status":"publish","type":"post","link":"https:\/\/jedlicze.przemyska.pl\/index.php\/2020\/09\/01\/pejzaz-ze-swietym\/","title":{"rendered":"Pejza\u017c ze \u015bwi\u0119tym"},"content":{"rendered":"<p>Z okazji 100. rocznicy urodzin \u015bw. Jana Paw\u0142a II przy Ko\u015bciele Parafialnym p.w. \u015aw. Antoniego\u00a0w Jedlliczu 17 maja br. zosta\u0142a wy\u015bwietlona prezentacja multimedialna \u201ePejza\u017c ze \u015awi\u0119tym\u201d. Prezentacja to opowie\u015b\u0107 o \u017cyciu Karola Wojty\u0142y oraz pontyfikacie papie\u017ca Jana Paw\u0142a II.<\/p>\n<p><!--more--><\/p>\n<p>Przedstawia kolejne etapy \u017cycia wielkiego Polaka, w tym 104 podr\u00f3\u017ce, jakie odby\u0142 Jan Pawe\u0142 II pielgrzymuj\u0105c po \u015bwiecie.\u00a0Wyeksponowane zosta\u0142y r\u00f3wnie\u017c pami\u0105tkowe fotografie zwi\u0105zane z Ojcem \u015awi\u0119tym i jego pielgrzymk\u0105 w 1997 roku do Krosna, dostarczone przez mieszka\u0144c\u00f3w gminy Jedlicze.\u00a0Warto wspomnie\u0107, \u017ce 20 lat temu w 2000 r. Rada Miejska w Jedliczu uhonorowa\u0142a Ojca \u015awi\u0119tego Jana Paw\u0142a II tytu\u0142em Honorowego Obywatela Gminy Jedlicze, a w 2017 roku ku czci Jego pami\u0119ci i szacunku ods\u0142oni\u0119to pami\u0105tkow\u0105 tablic\u0119 w sali narad Urz\u0119du Gminy w Jedliczu.<\/p>\n<p>Serdecznie dzi\u0119kujemy wszystkim, kt\u00f3rzy przyczynili si\u0119 do wzbogacenia prezentacji i dostarczyli swoje fotografie z podr\u00f3\u017cy do Watykanu i ze spotka\u0144 z Ojcem \u015awi\u0119tym: ksi\u0119dzu proboszczowi Stanis\u0142awowi Turoniowi,Marii Stefanik, Ryszardowi Zag\u00f3rskiemu, Andrzejowi J\u00f3zefczykowi, Dariuszowi Gancarzowi, Tadeuszowi Kruczkowi oraz Prezesowi i pracownikom JPGKiM w Jedliczu za pomoc logistyczn\u0105.<br \/>\nNa kolejne emisje zapraszamy ju\u017c w najbli\u017csz\u0105 niedziel\u0119 24 maja po Mszach \u015aw. przy Ko\u015bciele Parafialnym w Jedliczu.<\/p>\n<p>Warto zatrzyma\u0107 si\u0119, obejrze\u0107, pos\u0142ucha\u0107 i do\u015bwiadczy\u0107 historii polskiego papie\u017ca, kt\u00f3rej w\u0105tk\u00f3w wielu z nas mia\u0142o okazj\u0119 osobi\u015bcie do\u015bwiadczy\u0107.<br \/>\nPrezentacja zosta\u0142a przygotowana z inicjatywy Gminnego O\u015brodka Kultury w Jedliczu.<\/p>\n","protected":false},"excerpt":{"rendered":"<p>Z okazji 100. rocznicy urodzin \u015bw. Jana Paw\u0142a II przy Ko\u015bciele Parafialnym p.w. \u015aw. Antoniego\u00a0w Jedlliczu 17 maja br. zosta\u0142a wy\u015bwietlona prezentacja multimedialna \u201ePejza\u017c ze \u015awi\u0119tym\u201d. Prezentacja to opowie\u015b\u0107 o \u017cyciu Karola Wojty\u0142y oraz pontyfikacie papie\u017ca Jana Paw\u0142a II.<\/p>\n","protected":false},"author":1,"featured_media":646,"comment_status":"closed","ping_status":"open","sticky":false,"template":"","format":"standard","meta":{"ngg_post_thumbnail":0},"categories":[16,18],"tags":[],"_links":{"self":[{"href":"https:\/\/jedlicze.przemyska.pl\/index.php\/wp-json\/wp\/v2\/posts\/633"}],"collection":[{"href":"https:\/\/jedlicze.przemyska.pl\/index.php\/wp-json\/wp\/v2\/posts"}],"about":[{"href":"https:\/\/jedlicze.przemyska.pl\/index.php\/wp-json\/wp\/v2\/types\/post"}],"author":[{"embeddable":true,"href":"https:\/\/jedlicze.przemyska.pl\/index.php\/wp-json\/wp\/v2\/users\/1"}],"replies":[{"embeddable":true,"href":"https:\/\/jedlicze.przemyska.pl\/index.php\/wp-json\/wp\/v2\/comments?post=633"}],"version-history":[{"count":1,"href":"https:\/\/jedlicze.przemyska.pl\/index.php\/wp-json\/wp\/v2\/posts\/633\/revisions"}],"predecessor-version":[{"id":635,"href":"https:\/\/jedlicze.przemyska.pl\/index.php\/wp-json\/wp\/v2\/posts\/633\/revisions\/635"}],"wp:featuredmedia":[{"embeddable":true,"href":"https:\/\/jedlicze.przemyska.pl\/index.php\/wp-json\/wp\/v2\/media\/646"}],"wp:attachment":[{"href":"https:\/\/jedlicze.przemyska.pl\/index.php\/wp-json\/wp\/v2\/media?parent=633"}],"wp:term":[{"taxonomy":"category","embeddable":true,"href":"https:\/\/jedlicze.przemyska.pl\/index.php\/wp-json\/wp\/v2\/categories?post=633"},{"taxonomy":"post_tag","embeddable":true,"href":"https:\/\/jedlicze.przemyska.pl\/index.php\/wp-json\/wp\/v2\/tags?post=633"}],"curies":[{"name":"wp","href":"https:\/\/api.w.org\/{rel}","templated":true}]}}