{"id":636,"date":"2020-09-01T21:37:05","date_gmt":"2020-09-01T19:37:05","guid":{"rendered":"https:\/\/jedlicze.przemyska.pl\/?p=636"},"modified":"2020-09-01T21:50:00","modified_gmt":"2020-09-01T19:50:00","slug":"boze-cialo-2020","status":"publish","type":"post","link":"https:\/\/jedlicze.przemyska.pl\/index.php\/2020\/09\/01\/boze-cialo-2020\/","title":{"rendered":"Bo\u017ce Cia\u0142o 2020"},"content":{"rendered":"<p>Bo\u017ce Cia\u0142o w Jedliczu 2020. Nie ulicami miasta, ale wok\u00f3\u0142 ko\u015bcio\u0142a przesz\u0142a procesja z Naj\u015bwi\u0119tszym Sakramentem. W tym roku, publiczna manifestacja wiary mia\u0142a nieco inny, ale bardzo uroczysty charakter. Zobaczcie, jak wygl\u0105da\u0142a Uroczysto\u015b\u0107 Naj\u015bwi\u0119tszego Cia\u0142a i Krwi Pa\u0144skiej.<\/p>\n<p><!--more--><\/p>\n<p>Uroczysto\u015b\u0107 Naj\u015bwi\u0119tszego Cia\u0142a i Krwi Pa\u0144skiej, potocznie nazywanego Bo\u017cym Cia\u0142em, rozpocz\u0119to tradycyjnie msz\u0105 \u015bwi\u0119t\u0105 w ko\u015bciele parafialnym p.w. \u015awi\u0119tego Antoniego Padewskiego w Jedliczu. Po mszy \u015bwi\u0119tej wierni przeszli nie jak co roku, ulicami miasta, ale w procesji wok\u00f3\u0142 ko\u015bcio\u0142a. Ta mia\u0142a jednak bardzo uroczysty charakter.<\/p>\n<p>Wierni zatrzymywali si\u0119 przy czterech o\u0142tarzach, kt\u00f3re symbolizowa\u0142y cztery strony \u015bwiata (cztery \u017cywio\u0142y), a tak\u017ce cztery Ewangelie \u015awi\u0119te. O\u0142tarze przy ko\u015bciele przygotowali: Pierwszy \u2013 mieszka\u0144cy M\u0119cinki, Chlebnej i Oazy Rodzin. Drugi\u2013 mieszka\u0144cy ul. \u0141ukasiewicza i przyleg\u0142ych oraz cz\u0142onkowie jedlickiego Caritas. Trzeci- mieszka\u0144cy ul. Tokarskich i przyleg\u0142ych oraz cz\u0142onkowie Akcji Katolickiej. Czwarty\u2013 ostatni, mieszka\u0144cy ulic za torami oraz rodzina Radia Maryja.<\/p>\n<p>Na zako\u0144czenie procesji ks. Marek Duda pob\u0142ogos\u0142awi\u0142 wiernych Naj\u015bwi\u0119tszym Sakramentem.<\/p>\n","protected":false},"excerpt":{"rendered":"<p>Bo\u017ce Cia\u0142o w Jedliczu 2020. Nie ulicami miasta, ale wok\u00f3\u0142 ko\u015bcio\u0142a przesz\u0142a procesja z Naj\u015bwi\u0119tszym Sakramentem. W tym roku, publiczna manifestacja wiary mia\u0142a nieco inny, ale bardzo uroczysty charakter. Zobaczcie, jak wygl\u0105da\u0142a Uroczysto\u015b\u0107 Naj\u015bwi\u0119tszego Cia\u0142a i Krwi Pa\u0144skiej.<\/p>\n","protected":false},"author":1,"featured_media":647,"comment_status":"closed","ping_status":"open","sticky":false,"template":"","format":"standard","meta":{"ngg_post_thumbnail":0},"categories":[16,18],"tags":[],"_links":{"self":[{"href":"https:\/\/jedlicze.przemyska.pl\/index.php\/wp-json\/wp\/v2\/posts\/636"}],"collection":[{"href":"https:\/\/jedlicze.przemyska.pl\/index.php\/wp-json\/wp\/v2\/posts"}],"about":[{"href":"https:\/\/jedlicze.przemyska.pl\/index.php\/wp-json\/wp\/v2\/types\/post"}],"author":[{"embeddable":true,"href":"https:\/\/jedlicze.przemyska.pl\/index.php\/wp-json\/wp\/v2\/users\/1"}],"replies":[{"embeddable":true,"href":"https:\/\/jedlicze.przemyska.pl\/index.php\/wp-json\/wp\/v2\/comments?post=636"}],"version-history":[{"count":1,"href":"https:\/\/jedlicze.przemyska.pl\/index.php\/wp-json\/wp\/v2\/posts\/636\/revisions"}],"predecessor-version":[{"id":638,"href":"https:\/\/jedlicze.przemyska.pl\/index.php\/wp-json\/wp\/v2\/posts\/636\/revisions\/638"}],"wp:featuredmedia":[{"embeddable":true,"href":"https:\/\/jedlicze.przemyska.pl\/index.php\/wp-json\/wp\/v2\/media\/647"}],"wp:attachment":[{"href":"https:\/\/jedlicze.przemyska.pl\/index.php\/wp-json\/wp\/v2\/media?parent=636"}],"wp:term":[{"taxonomy":"category","embeddable":true,"href":"https:\/\/jedlicze.przemyska.pl\/index.php\/wp-json\/wp\/v2\/categories?post=636"},{"taxonomy":"post_tag","embeddable":true,"href":"https:\/\/jedlicze.przemyska.pl\/index.php\/wp-json\/wp\/v2\/tags?post=636"}],"curies":[{"name":"wp","href":"https:\/\/api.w.org\/{rel}","templated":true}]}}