{"id":648,"date":"2020-09-01T22:55:35","date_gmt":"2020-09-01T20:55:35","guid":{"rendered":"https:\/\/jedlicze.przemyska.pl\/?p=648"},"modified":"2020-09-01T22:55:35","modified_gmt":"2020-09-01T20:55:35","slug":"pozegnanie-ks-proboszcza","status":"publish","type":"post","link":"https:\/\/jedlicze.przemyska.pl\/index.php\/2020\/09\/01\/pozegnanie-ks-proboszcza\/","title":{"rendered":"Po\u017cegnanie ks. Proboszcza"},"content":{"rendered":"<h2>Wszystko w \u017cyciu ma sw\u00f3j pocz\u0105tek i koniec\u2026<\/h2>\n<p>W dniu 16 sierpnia 2020 r., w niedziel\u0119, parafianie \u017cegnaj\u0105c swojego Proboszcza Ksi\u0119dza Stanis\u0142awa po prawie 13 latach pos\u0142ugi duszpasterskiej, dzi\u0119kowali Mu za Jego duchowe i materialne dary, kt\u00f3re pozostawia w naszej parafii.<!--more--><br \/>\nNiestety, 16 sierpnia 2020 r. przysz\u0142o nam si\u0119 po\u017cegna\u0107 z Ksi\u0119dzem, kt\u00f3ry by\u0142 gorliwym szafarzem Bo\u017cych tajemnic. Ksi\u0119dzem, dzi\u0119ki kt\u00f3remu ka\u017cda Msza \u015bwi\u0119ta i g\u0142oszone przez Niego S\u0142owo Bo\u017ce by\u0142o wyj\u0105tkowe. W\u015br\u00f3d \u017cegnaj\u0105cych Ksi\u0119dza Stanis\u0142awa byli przedstawiciele grup parafialnych, instytucji, dzieci i m\u0142odzie\u017c z Katolickiego Stowarzyszenia M\u0142odzie\u017cy.<\/p>\n<h2>Czcigodny Ksi\u0119\u017ce Proboszczu,<\/h2>\n<p>Zapami\u0119tamy Ci\u0119 jako cz\u0142owieka, kt\u00f3ry ca\u0142ym sob\u0105 zaanga\u017cowa\u0142 si\u0119 w \u017cycie tej naszej, nie\u0142atwej jedlickiej spo\u0142eczno\u015bci. Zapami\u0119tamy Ci\u0119 jako kap\u0142ana trzymaj\u0105cego w swych d\u0142oniach nasze duchowe \u017cycie. Udziela\u0142e\u015b sakramentu chrztu \u015bwi\u0119tego, \u0142\u0105czy\u0142e\u015b wi\u0119zami ma\u0142\u017ce\u0144stwa, rozgrzesza\u0142e\u015b i udziela\u0142e\u015b Komunii \u015awi\u0119tej. Niekt\u00f3rych odprowadzi\u0142e\u015b na wieczny odpoczynek, a wszystko to z powag\u0105 i szacunkiem nale\u017cnym Panu Bogu. Zapami\u0119tamy Twoje zaanga\u017cowanie i prac\u0119 w\u0142o\u017con\u0105 w odzyskanie \u015bwietno\u015bci naszego ko\u015bcio\u0142a i naszej parafii, jak r\u00f3wnie\u017c w budow\u0119 nowego ko\u015bcio\u0142a, kt\u00f3ry ma s\u0142u\u017cy\u0107 dw\u00f3m miejscowo\u015bciom &#8211; D\u0142ugie i Por\u0119by.<\/p>\n<p>Niech dobry B\u00f3g ma Ksi\u0119dza w Swojej opiece!<\/p>\n<p>WDZI\u0118CZNI PARAFIANIE<\/p>\n","protected":false},"excerpt":{"rendered":"<p>Wszystko w \u017cyciu ma sw\u00f3j pocz\u0105tek i koniec\u2026 W dniu 16 sierpnia 2020 r., w niedziel\u0119, parafianie \u017cegnaj\u0105c swojego Proboszcza Ksi\u0119dza Stanis\u0142awa po prawie 13 latach pos\u0142ugi duszpasterskiej, dzi\u0119kowali Mu za Jego duchowe i materialne dary, kt\u00f3re pozostawia w naszej parafii.<\/p>\n","protected":false},"author":1,"featured_media":649,"comment_status":"closed","ping_status":"open","sticky":false,"template":"","format":"standard","meta":{"ngg_post_thumbnail":0},"categories":[16,18],"tags":[],"_links":{"self":[{"href":"https:\/\/jedlicze.przemyska.pl\/index.php\/wp-json\/wp\/v2\/posts\/648"}],"collection":[{"href":"https:\/\/jedlicze.przemyska.pl\/index.php\/wp-json\/wp\/v2\/posts"}],"about":[{"href":"https:\/\/jedlicze.przemyska.pl\/index.php\/wp-json\/wp\/v2\/types\/post"}],"author":[{"embeddable":true,"href":"https:\/\/jedlicze.przemyska.pl\/index.php\/wp-json\/wp\/v2\/users\/1"}],"replies":[{"embeddable":true,"href":"https:\/\/jedlicze.przemyska.pl\/index.php\/wp-json\/wp\/v2\/comments?post=648"}],"version-history":[{"count":1,"href":"https:\/\/jedlicze.przemyska.pl\/index.php\/wp-json\/wp\/v2\/posts\/648\/revisions"}],"predecessor-version":[{"id":650,"href":"https:\/\/jedlicze.przemyska.pl\/index.php\/wp-json\/wp\/v2\/posts\/648\/revisions\/650"}],"wp:featuredmedia":[{"embeddable":true,"href":"https:\/\/jedlicze.przemyska.pl\/index.php\/wp-json\/wp\/v2\/media\/649"}],"wp:attachment":[{"href":"https:\/\/jedlicze.przemyska.pl\/index.php\/wp-json\/wp\/v2\/media?parent=648"}],"wp:term":[{"taxonomy":"category","embeddable":true,"href":"https:\/\/jedlicze.przemyska.pl\/index.php\/wp-json\/wp\/v2\/categories?post=648"},{"taxonomy":"post_tag","embeddable":true,"href":"https:\/\/jedlicze.przemyska.pl\/index.php\/wp-json\/wp\/v2\/tags?post=648"}],"curies":[{"name":"wp","href":"https:\/\/api.w.org\/{rel}","templated":true}]}}