{"id":651,"date":"2020-09-01T22:58:05","date_gmt":"2020-09-01T20:58:05","guid":{"rendered":"https:\/\/jedlicze.przemyska.pl\/?p=651"},"modified":"2020-09-01T22:58:05","modified_gmt":"2020-09-01T20:58:05","slug":"pielgrzymka-do-czestochowy-2020","status":"publish","type":"post","link":"https:\/\/jedlicze.przemyska.pl\/index.php\/2020\/09\/01\/pielgrzymka-do-czestochowy-2020\/","title":{"rendered":"Pielgrzymka do Cz\u0119stochowy 2020"},"content":{"rendered":"<p>26 sierpnia 2020 r. parafia Jedlicze zorganizowa\u0142a, jak co roku, <strong>pielgrzymk\u0119 do Cz\u0119stochowy<\/strong>.<\/p>\n<p>Uczestniczyli w niej nie tylko osoby z parafii Jedlicze, ale tak\u017ce z s\u0105siednich parafii. Pielgrzymi uczestniczyli w Drodze Krzy\u017cowej oraz w uroczystej Mszy na Jasnej G\u00f3rze. By\u0142 czas na modlitw\u0119 i ofiarowanie codziennych trosk Matce Boskiej Cz\u0119stochowskiej. <!--more--><\/p>\n<p>W drodze powrotnej odwiedzili Sanktuarium Bo\u017cego Mi\u0142osierdzia w \u0141agiewnikach. Duchowym opiekunem by\u0142 ks. Marek Duda.<\/p>\n<p>W autobusie nie zabrak\u0142o wsp\u00f3lnego \u015bpiewu i Uwielbiania Pana Boga!<br \/>\n<em>&#8222;Jest zak\u0105tek na tej ziemi, Gdzie powraca\u0107 ka\u017cdy chce, Gdzie kr\u00f3luje Jej Oblicze, Na nim ci\u0119te rysy dwie&#8221;&#8230;<\/em><\/p>\n","protected":false},"excerpt":{"rendered":"<p>26 sierpnia 2020 r. parafia Jedlicze zorganizowa\u0142a, jak co roku, pielgrzymk\u0119 do Cz\u0119stochowy. Uczestniczyli w niej nie tylko osoby z parafii Jedlicze, ale tak\u017ce z s\u0105siednich parafii. Pielgrzymi uczestniczyli w Drodze Krzy\u017cowej oraz w uroczystej Mszy na Jasnej G\u00f3rze. By\u0142 czas na modlitw\u0119 i ofiarowanie codziennych trosk Matce Boskiej Cz\u0119stochowskiej.<\/p>\n","protected":false},"author":1,"featured_media":652,"comment_status":"closed","ping_status":"open","sticky":false,"template":"","format":"standard","meta":{"ngg_post_thumbnail":0},"categories":[16,18],"tags":[],"_links":{"self":[{"href":"https:\/\/jedlicze.przemyska.pl\/index.php\/wp-json\/wp\/v2\/posts\/651"}],"collection":[{"href":"https:\/\/jedlicze.przemyska.pl\/index.php\/wp-json\/wp\/v2\/posts"}],"about":[{"href":"https:\/\/jedlicze.przemyska.pl\/index.php\/wp-json\/wp\/v2\/types\/post"}],"author":[{"embeddable":true,"href":"https:\/\/jedlicze.przemyska.pl\/index.php\/wp-json\/wp\/v2\/users\/1"}],"replies":[{"embeddable":true,"href":"https:\/\/jedlicze.przemyska.pl\/index.php\/wp-json\/wp\/v2\/comments?post=651"}],"version-history":[{"count":1,"href":"https:\/\/jedlicze.przemyska.pl\/index.php\/wp-json\/wp\/v2\/posts\/651\/revisions"}],"predecessor-version":[{"id":653,"href":"https:\/\/jedlicze.przemyska.pl\/index.php\/wp-json\/wp\/v2\/posts\/651\/revisions\/653"}],"wp:featuredmedia":[{"embeddable":true,"href":"https:\/\/jedlicze.przemyska.pl\/index.php\/wp-json\/wp\/v2\/media\/652"}],"wp:attachment":[{"href":"https:\/\/jedlicze.przemyska.pl\/index.php\/wp-json\/wp\/v2\/media?parent=651"}],"wp:term":[{"taxonomy":"category","embeddable":true,"href":"https:\/\/jedlicze.przemyska.pl\/index.php\/wp-json\/wp\/v2\/categories?post=651"},{"taxonomy":"post_tag","embeddable":true,"href":"https:\/\/jedlicze.przemyska.pl\/index.php\/wp-json\/wp\/v2\/tags?post=651"}],"curies":[{"name":"wp","href":"https:\/\/api.w.org\/{rel}","templated":true}]}}