{"id":655,"date":"2020-09-01T23:15:06","date_gmt":"2020-09-01T21:15:06","guid":{"rendered":"https:\/\/jedlicze.przemyska.pl\/?p=655"},"modified":"2020-09-07T06:50:24","modified_gmt":"2020-09-07T04:50:24","slug":"ogloszenia-30-sierpnia-2020-r","status":"publish","type":"post","link":"https:\/\/jedlicze.przemyska.pl\/index.php\/2020\/09\/01\/ogloszenia-30-sierpnia-2020-r\/","title":{"rendered":"Og\u0142oszenia 30 sierpnia 2020 r."},"content":{"rendered":"<h2 style=\"text-align: center;\"><strong>Og\u0142oszenia duszpasterskie<\/strong><br \/>\nXXII Niedziela zwyk\u0142a, 30 sierpnia 2020 r.:<\/h2>\n<ul>\n<li>We <strong>wtorek<\/strong>, 1 wrze\u015bnia rozpoczyna si\u0119 rok szkolny 2020\/2021. Msza \u015bw. na rozpocz\u0119cie nowego roku edukacji zostanie odprawiona we <strong>wtorek<\/strong> o <strong>godz. 16:00<\/strong>. Serdecznie zapraszamy dyrekcje szk\u00f3\u0142, nauczycieli, wychowawc\u00f3w, rodzic\u00f3w oraz dzieci i m\u0142odzie\u017c. Dzieci i m\u0142odzie\u017c zach\u0119camy do spowiedzi dzisiaj i jutro p\u00f3\u0142 godz. przed nabo\u017ce\u0144stwem.<\/li>\n<li>Od jutra (poniedzia\u0142ek, 31 sierpnia) b\u0119d\u0105 odprawiana Msze \u015bw. o godz. 6:30.<\/li>\n<li>W tym tygodniu wypada I czwartek, pi\u0105tek i sobota miesi\u0105ca. W <strong>czwartek<\/strong> od <strong>godz. 17:00<\/strong> wystawienie Naj\u015bwi\u0119tszego Sakramentu, modlitwy o powo\u0142ania i za powo\u0142anych, a o <strong>godz. 18:00<\/strong> Msza \u015bw. Od godz. 17:00 b\u0119dzie ju\u017c mo\u017cliwo\u015b\u0107 spowiedzi. Jednak osoby obchodz\u0105ce I pi\u0105tki miesi\u0105ca informujemy i przypominamy, \u017ce istot\u0105 nabo\u017ce\u0144stwa do Serca Jezusowego jest komunia \u015bwi\u0119ta przyj\u0119ta w I pi\u0105tek.<\/li>\n<li>W <strong>pi\u0105tek<\/strong> od godz. 8:00 ks. Marek uda si\u0119 z pos\u0142ug\u0105 sakramentaln\u0105 <strong>do chorych<\/strong>. <strong>Spowied\u017a<\/strong> b\u0119dzie mo\u017cliwa od godz. 6:00 do godz. 7:00, a po po\u0142udniu <strong>od godz. 16:30<\/strong>.<\/li>\n<li>W <strong>sobot\u0119<\/strong> zapraszamy na <strong>nabo\u017ce\u0144stwo fatimskie<\/strong> z procesj\u0105 r\u00f3\u017ca\u0144cow\u0105 o godz. 18:00. Je\u015bli nie b\u0119dzie pada\u0142 deszcz to nabo\u017ce\u0144stwo zostanie odprawione przy grocie Matki Bo\u017cej.<\/li>\n<li>Zach\u0119camy do nabywania i lektury prasy katolickiej. Na stoliku przy ostatnich \u0142awkach dost\u0119pny jest: Go\u015b\u0107 Niedzielny i Niedziela.<\/li>\n<li>W zwi\u0105zku z epidemi\u0105 zachowujmy ostro\u017cno\u015b\u0107, zwracaj\u0105c uwag\u0119 nie tylko na swoje, ale i innych zdrowie. W ko\u015bciele, tak jak w innych miejscach dostosowujemy si\u0119 do przepis\u00f3w sanitarnych w tym zakrywanie ust i nosa.<\/li>\n<li>Ze wzgl\u0119du na ograniczenia pielgrzymkowe w tym roku nie b\u0119dzie zorganizowanej pieszej pielgrzymki do Tarnowca. Osoby, kt\u00f3re maj\u0105 w zwyczaju nawiedzanie tego sanktuarium zach\u0119camy do indywidualnej w\u0119dr\u00f3wki lub udzia\u0142u w nabo\u017ce\u0144stwie fatimskim w naszej parafii.<\/li>\n<li>Na tablicy og\u0142osze\u0144 znajduje si\u0119 informacja o p\u0142atnych badaniach USG.<\/li>\n<li>Centrum Nauki i Biznesu \u201e\u017bAK\u201d w Ja\u015ble prowadzi nab\u00f3r do szk\u00f3\u0142 policealnych dla doros\u0142ych. Wi\u0119cej informacji na <a href=\"https:\/\/zak.edu.pl\/\">zak.edu.pl<\/a>.<\/li>\n<li>W ubieg\u0142ym tygodniu odprowadzili\u015bmy na miejsce wiecznego spoczynku Zmar\u0142ych: \u015bp. Andrzeja Mikruta, Tadeusza Dubiela i Danut\u0119 Krygowsk\u0105. Polecajmy ich Bo\u017cemu Mi\u0142osierdziu: <em>\u201eWieczne odpoczywanie, racz im da\u0107 Panie\u2026\u201d<\/em><\/li>\n<\/ul>\n<p><img loading=\"lazy\" class=\"aligncenter wp-image-656 size-full\" src=\"https:\/\/jedlicze.przemyska.pl\/wp-content\/uploads\/2020\/09\/spotkania-ksm-2020.jpg\" alt=\"\" width=\"720\" height=\"960\" srcset=\"https:\/\/jedlicze.przemyska.pl\/wp-content\/uploads\/2020\/09\/spotkania-ksm-2020.jpg 720w, https:\/\/jedlicze.przemyska.pl\/wp-content\/uploads\/2020\/09\/spotkania-ksm-2020-225x300.jpg 225w, https:\/\/jedlicze.przemyska.pl\/wp-content\/uploads\/2020\/09\/spotkania-ksm-2020-230x307.jpg 230w, https:\/\/jedlicze.przemyska.pl\/wp-content\/uploads\/2020\/09\/spotkania-ksm-2020-350x467.jpg 350w, https:\/\/jedlicze.przemyska.pl\/wp-content\/uploads\/2020\/09\/spotkania-ksm-2020-480x640.jpg 480w\" sizes=\"(max-width: 720px) 100vw, 720px\" \/><\/p>\n","protected":false},"excerpt":{"rendered":"<p>Og\u0142oszenia duszpasterskie XXII Niedziela zwyk\u0142a, 30 sierpnia 2020 r.: We wtorek, 1 wrze\u015bnia rozpoczyna si\u0119 rok szkolny 2020\/2021. Msza \u015bw. na rozpocz\u0119cie nowego roku edukacji zostanie odprawiona we wtorek o godz. 16:00. Serdecznie zapraszamy dyrekcje szk\u00f3\u0142, nauczycieli, wychowawc\u00f3w, rodzic\u00f3w oraz dzieci i m\u0142odzie\u017c. Dzieci i m\u0142odzie\u017c zach\u0119camy do spowiedzi dzisiaj i jutro p\u00f3\u0142 godz. przed [&hellip;]<\/p>\n","protected":false},"author":1,"featured_media":654,"comment_status":"closed","ping_status":"open","sticky":false,"template":"","format":"standard","meta":{"ngg_post_thumbnail":0},"categories":[17],"tags":[],"_links":{"self":[{"href":"https:\/\/jedlicze.przemyska.pl\/index.php\/wp-json\/wp\/v2\/posts\/655"}],"collection":[{"href":"https:\/\/jedlicze.przemyska.pl\/index.php\/wp-json\/wp\/v2\/posts"}],"about":[{"href":"https:\/\/jedlicze.przemyska.pl\/index.php\/wp-json\/wp\/v2\/types\/post"}],"author":[{"embeddable":true,"href":"https:\/\/jedlicze.przemyska.pl\/index.php\/wp-json\/wp\/v2\/users\/1"}],"replies":[{"embeddable":true,"href":"https:\/\/jedlicze.przemyska.pl\/index.php\/wp-json\/wp\/v2\/comments?post=655"}],"version-history":[{"count":7,"href":"https:\/\/jedlicze.przemyska.pl\/index.php\/wp-json\/wp\/v2\/posts\/655\/revisions"}],"predecessor-version":[{"id":853,"href":"https:\/\/jedlicze.przemyska.pl\/index.php\/wp-json\/wp\/v2\/posts\/655\/revisions\/853"}],"wp:featuredmedia":[{"embeddable":true,"href":"https:\/\/jedlicze.przemyska.pl\/index.php\/wp-json\/wp\/v2\/media\/654"}],"wp:attachment":[{"href":"https:\/\/jedlicze.przemyska.pl\/index.php\/wp-json\/wp\/v2\/media?parent=655"}],"wp:term":[{"taxonomy":"category","embeddable":true,"href":"https:\/\/jedlicze.przemyska.pl\/index.php\/wp-json\/wp\/v2\/categories?post=655"},{"taxonomy":"post_tag","embeddable":true,"href":"https:\/\/jedlicze.przemyska.pl\/index.php\/wp-json\/wp\/v2\/tags?post=655"}],"curies":[{"name":"wp","href":"https:\/\/api.w.org\/{rel}","templated":true}]}}