{"id":947,"date":"2020-09-04T16:04:05","date_gmt":"2020-09-04T14:04:05","guid":{"rendered":"https:\/\/jedlicze.przemyska.pl\/?p=947"},"modified":"2024-12-07T08:33:48","modified_gmt":"2024-12-07T07:33:48","slug":"msze-sw-i-nabozenstwa","status":"publish","type":"post","link":"https:\/\/jedlicze.przemyska.pl\/index.php\/2020\/09\/04\/msze-sw-i-nabozenstwa\/","title":{"rendered":"Msze \u015bw. i nabo\u017ce\u0144stwa"},"content":{"rendered":"<div class=\"elementor-element elementor-element-60358fd elementor-view-default elementor-position-top elementor-vertical-align-top elementor-widget elementor-widget-icon-box\" data-id=\"60358fd\" data-element_type=\"widget\" data-widget_type=\"icon-box.default\">\n<div class=\"elementor-widget-container\">\n<div class=\"elementor-icon-box-wrapper\">\n<div class=\"elementor-icon-box-content\">\n<h3>MSZE \u015aWI\u0118TE&nbsp;<\/h3>\n<h3 class=\"elementor-icon-box-description\" style=\"text-align: left;\"><strong>W niedziele i \u015bwi\u0119ta:<\/strong><\/h3>\n<p class=\"elementor-icon-box-description\" style=\"text-align: left;\">7.00, 9.00, 11.00, 12.30 (IX-VI), 18.00<\/p>\n<\/div>\n<\/div>\n<\/div>\n<\/div>\n<div class=\"elementor-element elementor-element-4261ac3 elementor-widget elementor-widget-text-editor\" data-id=\"4261ac3\" data-element_type=\"widget\" data-widget_type=\"text-editor.default\">\n<div class=\"elementor-widget-container\">\n<div class=\"elementor-text-editor elementor-clearfix\">\n<h3 style=\"text-align: left;\">W dni powszednie:<\/h3>\n<p style=\"text-align: left;\">6.30 (z wyj\u0105tkiem wakacji i ferii szkolnych), 7.00, 18.00<\/p>\n<\/div>\n<\/div>\n<h3>&nbsp;<\/h3>\n<h3>NABO\u017bE\u0143STWA&nbsp;<\/h3>\n<p><strong>Wtorek<\/strong> &#8211; nowenna do \u015bw. Antoniego<\/p>\n<p><strong>\u015aroda<\/strong> &#8211; nowenna do MB Nieustaj\u0105cej Pomocy<\/p>\n<p><strong>Czwartek<\/strong> &#8211; adoracja Naj\u015bwi\u0119tszego Sakramentu (od godz. 17:00, godzina przed Msz\u0105 \u015bw. wieczorn\u0105)<\/p>\n<p><strong>Pi\u0105tek<\/strong> &#8211; Koronka do Bo\u017cego Mi\u0142osierdzia&nbsp;<\/p>\n<p>Nabo\u017ce\u0144stwa odprawiane s\u0105 po Mszy \u015bw. wieczornej. We wtorki po Mszy \u015bw. o godz. 7:00 zawierzenie rodzin i parafii \u015bw. Antoniemu, a wieczorem nowenna.&nbsp;<\/p>\n<\/div>\n","protected":false},"excerpt":{"rendered":"<p>MSZE \u015aWI\u0118TE&nbsp; W niedziele i \u015bwi\u0119ta: 7.00, 9.00, 11.00, 12.30 (IX-VI), 18.00 W dni powszednie: 6.30 (z wyj\u0105tkiem wakacji i ferii szkolnych), 7.00, 18.00 &nbsp; NABO\u017bE\u0143STWA&nbsp; Wtorek &#8211; nowenna do \u015bw. Antoniego \u015aroda &#8211; nowenna do MB Nieustaj\u0105cej Pomocy Czwartek &#8211; adoracja Naj\u015bwi\u0119tszego Sakramentu (od godz. 17:00, godzina przed Msz\u0105 \u015bw. wieczorn\u0105) Pi\u0105tek &#8211; Koronka [&hellip;]<\/p>\n","protected":false},"author":1,"featured_media":949,"comment_status":"closed","ping_status":"open","sticky":false,"template":"","format":"standard","meta":{"ngg_post_thumbnail":0},"categories":[15],"tags":[],"_links":{"self":[{"href":"https:\/\/jedlicze.przemyska.pl\/index.php\/wp-json\/wp\/v2\/posts\/947"}],"collection":[{"href":"https:\/\/jedlicze.przemyska.pl\/index.php\/wp-json\/wp\/v2\/posts"}],"about":[{"href":"https:\/\/jedlicze.przemyska.pl\/index.php\/wp-json\/wp\/v2\/types\/post"}],"author":[{"embeddable":true,"href":"https:\/\/jedlicze.przemyska.pl\/index.php\/wp-json\/wp\/v2\/users\/1"}],"replies":[{"embeddable":true,"href":"https:\/\/jedlicze.przemyska.pl\/index.php\/wp-json\/wp\/v2\/comments?post=947"}],"version-history":[{"count":7,"href":"https:\/\/jedlicze.przemyska.pl\/index.php\/wp-json\/wp\/v2\/posts\/947\/revisions"}],"predecessor-version":[{"id":3508,"href":"https:\/\/jedlicze.przemyska.pl\/index.php\/wp-json\/wp\/v2\/posts\/947\/revisions\/3508"}],"wp:featuredmedia":[{"embeddable":true,"href":"https:\/\/jedlicze.przemyska.pl\/index.php\/wp-json\/wp\/v2\/media\/949"}],"wp:attachment":[{"href":"https:\/\/jedlicze.przemyska.pl\/index.php\/wp-json\/wp\/v2\/media?parent=947"}],"wp:term":[{"taxonomy":"category","embeddable":true,"href":"https:\/\/jedlicze.przemyska.pl\/index.php\/wp-json\/wp\/v2\/categories?post=947"},{"taxonomy":"post_tag","embeddable":true,"href":"https:\/\/jedlicze.przemyska.pl\/index.php\/wp-json\/wp\/v2\/tags?post=947"}],"curies":[{"name":"wp","href":"https:\/\/api.w.org\/{rel}","templated":true}]}}